{"id":14029,"date":"2019-06-26T00:00:09","date_gmt":"2019-06-25T22:00:09","guid":{"rendered":"https:\/\/comunicatur.info\/?p=14029"},"modified":"2019-06-25T14:13:09","modified_gmt":"2019-06-25T12:13:09","slug":"pendientes-de-los-colapsos-en-el-prat-y-barajas-este-verano","status":"publish","type":"post","link":"https:\/\/www.comunicatur.info\/es\/pendientes-de-los-colapsos-en-el-prat-y-barajas-este-verano\/","title":{"rendered":"Pendientes de los colapsos en El Prat y Barajas este verano"},"content":{"rendered":"<p>El sistema aeroportuario espa\u00f1ol se pone en tensi\u00f3n cada periodo vacacional. Los retrasos motivados por diferentes circunstancias ponen en vilo a viajeros y sector tur\u00edstico.<!--more--><\/p>\n<p><img class=\"alignright size-medium wp-image-12919\" src=\"https:\/\/www.comunicatur.info\/wp-content\/uploads\/2018\/11\/AENA_Terminal_aeroport-300x225.jpg\" alt=\"\" width=\"300\" height=\"225\" srcset=\"https:\/\/www.comunicatur.info\/wp-content\/uploads\/2018\/11\/AENA_Terminal_aeroport-300x225.jpg 300w, https:\/\/www.comunicatur.info\/wp-content\/uploads\/2018\/11\/AENA_Terminal_aeroport-768x576.jpg 768w, https:\/\/www.comunicatur.info\/wp-content\/uploads\/2018\/11\/AENA_Terminal_aeroport-1024x768.jpg 1024w, https:\/\/www.comunicatur.info\/wp-content\/uploads\/2018\/11\/AENA_Terminal_aeroport-600x450.jpg 600w, https:\/\/www.comunicatur.info\/wp-content\/uploads\/2018\/11\/AENA_Terminal_aeroport.jpg 2016w\" sizes=\"(max-width: 300px) 100vw, 300px\" \/>En verano el aumento de pasajeros coincide con el aumento de huelgas y reivindicaciones laborales que junto a la baja previsi\u00f3n de las compa\u00f1\u00edas sit\u00faan el sistema al borde del colapso.<\/p>\n<p>Todav\u00eda no se conocen movilizaciones o paros, pero s\u00ed que est\u00e1 descontado una crisis de retrasos en los aeropuertos de Barcelona y Madrid. La situaci\u00f3n de retrasos no se dar\u00e1 \u00fanicamente en Espa\u00f1a, tambi\u00e9n en Europa estar\u00e1n expuestos a unos meses complicados.<\/p>\n<p>Los controladores a\u00e9reos advierten de la falta de efectivos para hacer frente a las operaciones previstas durante el periodo estival. El tr\u00e1fico a\u00e9reo ha aumentado en los \u00faltimos cuatro a\u00f1os un 20% mientras que la plantilla de controladores ha descendido casi un 10%, seg\u00fan el sindicato de controladores. Aunque el gestor de navegaci\u00f3n a\u00e9rea de Espa\u00f1a (Enaire) lleg\u00f3 el verano pasado a un acuerdo con los sindicatos para ampliar la plantilla por encima de un 20%, los nuevos controladores a\u00fan no estar\u00e1n operativos.<\/p>\n<p><img class=\"alignright size-medium wp-image-10324\" src=\"https:\/\/www.comunicatur.info\/wp-content\/uploads\/2017\/05\/cuesPrat-300x197.jpg\" alt=\"\" width=\"300\" height=\"197\" srcset=\"https:\/\/www.comunicatur.info\/wp-content\/uploads\/2017\/05\/cuesPrat-300x197.jpg 300w, https:\/\/www.comunicatur.info\/wp-content\/uploads\/2017\/05\/cuesPrat-600x394.jpg 600w, https:\/\/www.comunicatur.info\/wp-content\/uploads\/2017\/05\/cuesPrat.jpg 639w\" sizes=\"(max-width: 300px) 100vw, 300px\" \/>Este verano las complicaciones est\u00e1n casi garantizadas, aunque no se dar\u00e1n por huelgas de los controladores espa\u00f1oles que hasta 2025 mantienen un acuerdo satisfactorio. Otra situaci\u00f3n diferente vive en Francia. En caso de paros en el centro de control a\u00e9reo de Marsella, b\u00e1sico para la gesti\u00f3n del mediterr\u00e1neo, el aeropuerto de Barcelona volver\u00e1 a protagonizar im\u00e1genes de caos.<\/p>\n<p>El Gobierno va a aumentar un 5% la plantilla en El Prat y Vueling, la compa\u00f1\u00eda m\u00e1s importante del aeropuerto barcelon\u00e9s, dispondr\u00e1 de una decena de aeronaves con sus tripulaciones al completo en situaci\u00f3n de emergencia por si necesita cubrir retrasos en sus conexiones.<\/p>\n","protected":false},"excerpt":{"rendered":"<p>El sistema aeroportuario espa\u00f1ol se pone en tensi\u00f3n cada periodo vacacional. Los retrasos motivados por diferentes circunstancias ponen en vilo a viajeros y sector tur\u00edstico. En verano el aumento de pasajeros coincide con el aumento de huelgas y reivindicaciones laborales que junto a la baja previsi\u00f3n de las compa\u00f1\u00edas sit\u00faan el sistema al borde del &hellip;<\/p>\n","protected":false},"author":408,"featured_media":0,"comment_status":"closed","ping_status":"open","sticky":false,"template":"","format":"standard","meta":[],"categories":[65],"tags":[],"_links":{"self":[{"href":"https:\/\/www.comunicatur.info\/es\/wp-json\/wp\/v2\/posts\/14029"}],"collection":[{"href":"https:\/\/www.comunicatur.info\/es\/wp-json\/wp\/v2\/posts"}],"about":[{"href":"https:\/\/www.comunicatur.info\/es\/wp-json\/wp\/v2\/types\/post"}],"author":[{"embeddable":true,"href":"https:\/\/www.comunicatur.info\/es\/wp-json\/wp\/v2\/users\/408"}],"replies":[{"embeddable":true,"href":"https:\/\/www.comunicatur.info\/es\/wp-json\/wp\/v2\/comments?post=14029"}],"version-history":[{"count":1,"href":"https:\/\/www.comunicatur.info\/es\/wp-json\/wp\/v2\/posts\/14029\/revisions"}],"predecessor-version":[{"id":14030,"href":"https:\/\/www.comunicatur.info\/es\/wp-json\/wp\/v2\/posts\/14029\/revisions\/14030"}],"wp:attachment":[{"href":"https:\/\/www.comunicatur.info\/es\/wp-json\/wp\/v2\/media?parent=14029"}],"wp:term":[{"taxonomy":"category","embeddable":true,"href":"https:\/\/www.comunicatur.info\/es\/wp-json\/wp\/v2\/categories?post=14029"},{"taxonomy":"post_tag","embeddable":true,"href":"https:\/\/www.comunicatur.info\/es\/wp-json\/wp\/v2\/tags?post=14029"}],"curies":[{"name":"wp","href":"https:\/\/api.w.org\/{rel}","templated":true}]}}