{"id":14019,"date":"2019-06-25T00:00:43","date_gmt":"2019-06-24T22:00:43","guid":{"rendered":"https:\/\/comunicatur.info\/?p=14019"},"modified":"2019-06-24T14:59:13","modified_gmt":"2019-06-24T12:59:13","slug":"la-candidatura-del-priorat-como-patrimonio-mundial-de-la-unesco-no-sale-adelante","status":"publish","type":"post","link":"https:\/\/www.comunicatur.info\/es\/la-candidatura-del-priorat-como-patrimonio-mundial-de-la-unesco-no-sale-adelante\/","title":{"rendered":"La candidatura del Priorat como Patrimonio Mundial de la Unesco no sale adelante"},"content":{"rendered":"<p>Los impulsores del Patrimonio de la Humanidad para los paisajes del Priorat han decidido retirar la candidatura por el peligro que quedara frustrada en la fase de examen a la que tiene que someterse este mes de julio.<!--more--><\/p>\n<p><img class=\"alignright size-medium wp-image-11020\" src=\"https:\/\/www.comunicatur.info\/wp-content\/uploads\/2017\/10\/priorat_patrimoni_1-300x156.jpg\" alt=\"\" width=\"300\" height=\"156\" srcset=\"https:\/\/www.comunicatur.info\/wp-content\/uploads\/2017\/10\/priorat_patrimoni_1-300x156.jpg 300w, https:\/\/www.comunicatur.info\/wp-content\/uploads\/2017\/10\/priorat_patrimoni_1-768x398.jpg 768w, https:\/\/www.comunicatur.info\/wp-content\/uploads\/2017\/10\/priorat_patrimoni_1.jpg 1024w, https:\/\/www.comunicatur.info\/wp-content\/uploads\/2017\/10\/priorat_patrimoni_1-600x311.jpg 600w\" sizes=\"(max-width: 300px) 100vw, 300px\" \/>Un informe de la organizaci\u00f3n internacional que se encarga de evaluar las candidaturas para la Unesco no ve acreditado el \u00abvalor universal excepcional\u00bb del Priorat-Montsant-Siurana.<a href=\"https:\/\/www.comunicatur.info\/es\/el-paisaje-del-priorat-candidato-patrimonio-de-la-humanidad\/\" target=\"_blank\" rel=\"noopener noreferrer\"> La intenci\u00f3n de los promotores es presentarla en el futuro, cuando realmente tenga posibilidades de prosperar.<\/a><\/p>\n<p>El Priorat aparca el sue\u00f1o de ser reconocido por la Unesco. La decisi\u00f3n de no presentar la propuesta en la fase que se celebrar\u00e1 en Bak\u00fa (Azerbaiy\u00e1n) ha sido consensuada por el Ministerio de Cultura, la conselleria de Cultura de la Generalidad y los promotores del Priorat. Ante el informe negativo, las posibilidades de la candidatura eran nulas y ahora se abre un tiempo de reflexi\u00f3n. Si los impulsores quieren volver a intentarlo m\u00e1s adelante requerir\u00e1n de mucho trabajo.<\/p>\n<p>Inscribir en el \u2018Priorat-Montsant-Siurana, mosaico mediterr\u00e1neo\u2019 en la lista de Patrimonio Mundial hubiera sido un revulsivo incalculable para el turismo de este territorio.<\/p>\n","protected":false},"excerpt":{"rendered":"<p>Los impulsores del Patrimonio de la Humanidad para los paisajes del Priorat han decidido retirar la candidatura por el peligro que quedara frustrada en la fase de examen a la que tiene que someterse este mes de julio. Un informe de la organizaci\u00f3n internacional que se encarga de evaluar las candidaturas para la Unesco no &hellip;<\/p>\n","protected":false},"author":408,"featured_media":0,"comment_status":"closed","ping_status":"open","sticky":false,"template":"","format":"standard","meta":[],"categories":[62],"tags":[],"_links":{"self":[{"href":"https:\/\/www.comunicatur.info\/es\/wp-json\/wp\/v2\/posts\/14019"}],"collection":[{"href":"https:\/\/www.comunicatur.info\/es\/wp-json\/wp\/v2\/posts"}],"about":[{"href":"https:\/\/www.comunicatur.info\/es\/wp-json\/wp\/v2\/types\/post"}],"author":[{"embeddable":true,"href":"https:\/\/www.comunicatur.info\/es\/wp-json\/wp\/v2\/users\/408"}],"replies":[{"embeddable":true,"href":"https:\/\/www.comunicatur.info\/es\/wp-json\/wp\/v2\/comments?post=14019"}],"version-history":[{"count":1,"href":"https:\/\/www.comunicatur.info\/es\/wp-json\/wp\/v2\/posts\/14019\/revisions"}],"predecessor-version":[{"id":14020,"href":"https:\/\/www.comunicatur.info\/es\/wp-json\/wp\/v2\/posts\/14019\/revisions\/14020"}],"wp:attachment":[{"href":"https:\/\/www.comunicatur.info\/es\/wp-json\/wp\/v2\/media?parent=14019"}],"wp:term":[{"taxonomy":"category","embeddable":true,"href":"https:\/\/www.comunicatur.info\/es\/wp-json\/wp\/v2\/categories?post=14019"},{"taxonomy":"post_tag","embeddable":true,"href":"https:\/\/www.comunicatur.info\/es\/wp-json\/wp\/v2\/tags?post=14019"}],"curies":[{"name":"wp","href":"https:\/\/api.w.org\/{rel}","templated":true}]}}