{"id":14010,"date":"2019-06-20T00:00:49","date_gmt":"2019-06-19T22:00:49","guid":{"rendered":"https:\/\/comunicatur.info\/?p=14010"},"modified":"2019-06-19T20:04:58","modified_gmt":"2019-06-19T18:04:58","slug":"mas-lena-al-fuego-del-imserso","status":"publish","type":"post","link":"https:\/\/www.comunicatur.info\/es\/mas-lena-al-fuego-del-imserso\/","title":{"rendered":"M\u00e1s le\u00f1a al fuego del Imserso"},"content":{"rendered":"<p>Los hoteleros han recibido una mala noticia del Tribunal Administrativo de Recursos Contractuales dependiente del ministerio de Hacienda.<!--more--><\/p>\n<p><img class=\"alignright size-medium wp-image-13971\" src=\"https:\/\/www.comunicatur.info\/wp-content\/uploads\/2019\/06\/Imserso2-230x300.jpg\" alt=\"\" width=\"230\" height=\"300\" srcset=\"https:\/\/www.comunicatur.info\/wp-content\/uploads\/2019\/06\/Imserso2-230x300.jpg 230w, https:\/\/www.comunicatur.info\/wp-content\/uploads\/2019\/06\/Imserso2-600x783.jpg 600w, https:\/\/www.comunicatur.info\/wp-content\/uploads\/2019\/06\/Imserso2.jpg 612w\" sizes=\"(max-width: 230px) 100vw, 230px\" \/>El concurso de los viajes del Imserso se ha desbloqueado y mantendr\u00e1n las fechas previstas. Las agencias podr\u00edan comenzar la venta el mes de septiembre y los viajes comenzar\u00edan la primera quincena de octubre. Hasta aqu\u00ed todo bien,<a href=\"https:\/\/www.comunicatur.info\/es\/el-debate-sobre-el-imserso-nadie-esta-contento\/\" target=\"_blank\" rel=\"noopener noreferrer\"> el problema es que el Tribunal que estaba estudiando el recurso interpuesto por la confederaci\u00f3n hotelera espa\u00f1ola ha determinado que los precios incluidos en la licitaci\u00f3n del concurso \u00abse atienen a los precios de mercado\u00bb.<\/a><\/p>\n<p><a href=\"https:\/\/www.comunicatur.info\/es\/paralizado-el-programa-del-imserso\/\" target=\"_blank\" rel=\"noopener noreferrer\">La decisi\u00f3n ha levantado la medida cautelar que suspend\u00eda temporalmente el procedimiento de licitaci\u00f3n del Programa de Turismo Social del Imserso.<\/a> Las tres empresas que presentaron sus ofertas -Mundiplan, Mundosenior y Traveltino- siguen adelante en el procedimiento administrativo tal y como estaba previsto. Estamos hablando del concurso de viajes para las temporadas 2019\/2020 y 2020\/2021, con una posible pr\u00f3rroga hasta el verano 2023.<\/p>\n<p>El valor del contrato es de unos 1.140 millones de euros m\u00e1s IVA, distribuidos en los tres lotes del concurso (costa peninsular, consta insular y turismo interior) Cada temporada pondr\u00e1 a disposici\u00f3n 900.000 plazas para las personas mayores.<\/p>\n","protected":false},"excerpt":{"rendered":"<p>Los hoteleros han recibido una mala noticia del Tribunal Administrativo de Recursos Contractuales dependiente del ministerio de Hacienda. El concurso de los viajes del Imserso se ha desbloqueado y mantendr\u00e1n las fechas previstas. Las agencias podr\u00edan comenzar la venta el mes de septiembre y los viajes comenzar\u00edan la primera quincena de octubre. Hasta aqu\u00ed todo &hellip;<\/p>\n","protected":false},"author":408,"featured_media":0,"comment_status":"closed","ping_status":"open","sticky":false,"template":"","format":"standard","meta":[],"categories":[66,59],"tags":[],"_links":{"self":[{"href":"https:\/\/www.comunicatur.info\/es\/wp-json\/wp\/v2\/posts\/14010"}],"collection":[{"href":"https:\/\/www.comunicatur.info\/es\/wp-json\/wp\/v2\/posts"}],"about":[{"href":"https:\/\/www.comunicatur.info\/es\/wp-json\/wp\/v2\/types\/post"}],"author":[{"embeddable":true,"href":"https:\/\/www.comunicatur.info\/es\/wp-json\/wp\/v2\/users\/408"}],"replies":[{"embeddable":true,"href":"https:\/\/www.comunicatur.info\/es\/wp-json\/wp\/v2\/comments?post=14010"}],"version-history":[{"count":1,"href":"https:\/\/www.comunicatur.info\/es\/wp-json\/wp\/v2\/posts\/14010\/revisions"}],"predecessor-version":[{"id":14011,"href":"https:\/\/www.comunicatur.info\/es\/wp-json\/wp\/v2\/posts\/14010\/revisions\/14011"}],"wp:attachment":[{"href":"https:\/\/www.comunicatur.info\/es\/wp-json\/wp\/v2\/media?parent=14010"}],"wp:term":[{"taxonomy":"category","embeddable":true,"href":"https:\/\/www.comunicatur.info\/es\/wp-json\/wp\/v2\/categories?post=14010"},{"taxonomy":"post_tag","embeddable":true,"href":"https:\/\/www.comunicatur.info\/es\/wp-json\/wp\/v2\/tags?post=14010"}],"curies":[{"name":"wp","href":"https:\/\/api.w.org\/{rel}","templated":true}]}}