{"id":14006,"date":"2019-06-21T00:00:34","date_gmt":"2019-06-20T22:00:34","guid":{"rendered":"https:\/\/comunicatur.info\/?p=14006"},"modified":"2019-06-19T20:08:55","modified_gmt":"2019-06-19T18:08:55","slug":"la-guerra-entre-el-ave-y-el-avion-se-traslada-granada","status":"publish","type":"post","link":"https:\/\/www.comunicatur.info\/es\/la-guerra-entre-el-ave-y-el-avion-se-traslada-granada\/","title":{"rendered":"La guerra entre el AVE y el avi\u00f3n se traslada a Granada"},"content":{"rendered":"<p>La competencia entre el tren y el avi\u00f3n por captar clientes ha abierto un nuevo cap\u00edtulo en la conexi\u00f3n Madrid-Granada. Renfe y las compa\u00f1\u00edas a\u00e9reas han entrado en una lucha de precios con la entrada en servicio del AVE en esta ruta.<!--more--><\/p>\n<p><img class=\"alignright size-full wp-image-6052\" src=\"https:\/\/www.comunicatur.info\/wp-content\/uploads\/2014\/01\/ave-e1405977455693.jpg\" alt=\"\" width=\"299\" height=\"184\" \/>La puesta en marcha de la alta velocidad en Granada este mes de junio ha abierto las puertas a las tarifas low cost. Una tarifa promocional de 35 euros en los convoyes a Madrid est\u00e1 dando un mordisco a las reservas a\u00e9reas. Renfe pone unas 2.000 plazas en las tres circulaciones diarias por sentido entre Granada y Madrid.<\/p>\n<p>Las aerol\u00edneas no quieren perder viajeros en beneficio del tren y ya han empezado a rebajar el precio de los billetes. Air Nostrum opera medio centenar de vuelos cada semana, cuatro frecuencias diarias, entre las dos ciudades y a puesto billetes a unos 40 euros. <a href=\"https:\/\/www.comunicatur.info\/es\/un-dato-historico-para-el-ave-barcelona-madrid\/\" target=\"_blank\" rel=\"noopener noreferrer\">La situaci\u00f3n se asemeja a la vivida en la ruta Madrid-Barcelona en la que el AVE ha ganado la partida al avi\u00f3n.<\/a> La distancia y el tiempo en recorrer la ruta Granda-Madrid en AVE y avi\u00f3n es muy similar al que emplean estos dos medios de transporte en Barcelona-Madrid. En este sentido, <a href=\"https:\/\/www.comunicatur.info\/es\/nueva-estrategia-del-puente-aereo-para-sobrevivir-al-ave\/\" target=\"_blank\" rel=\"noopener noreferrer\">las previsiones para la alta velocidad son muy positivas y un peligro para la filial de Iberia.<\/a><\/p>\n<p>Diferente resultado se prev\u00e9 para la conexi\u00f3n de AVE entre Granada y Barcelona. El trayecto de 6 horas y media no ofrece una ventaja competitiva frente al transporte a\u00e9reo, que en este caso es mucho m\u00e1s r\u00e1pido.<\/p>\n","protected":false},"excerpt":{"rendered":"<p>La competencia entre el tren y el avi\u00f3n por captar clientes ha abierto un nuevo cap\u00edtulo en la conexi\u00f3n Madrid-Granada. Renfe y las compa\u00f1\u00edas a\u00e9reas han entrado en una lucha de precios con la entrada en servicio del AVE en esta ruta. La puesta en marcha de la alta velocidad en Granada este mes de &hellip;<\/p>\n","protected":false},"author":408,"featured_media":0,"comment_status":"closed","ping_status":"open","sticky":false,"template":"","format":"standard","meta":[],"categories":[65],"tags":[],"_links":{"self":[{"href":"https:\/\/www.comunicatur.info\/es\/wp-json\/wp\/v2\/posts\/14006"}],"collection":[{"href":"https:\/\/www.comunicatur.info\/es\/wp-json\/wp\/v2\/posts"}],"about":[{"href":"https:\/\/www.comunicatur.info\/es\/wp-json\/wp\/v2\/types\/post"}],"author":[{"embeddable":true,"href":"https:\/\/www.comunicatur.info\/es\/wp-json\/wp\/v2\/users\/408"}],"replies":[{"embeddable":true,"href":"https:\/\/www.comunicatur.info\/es\/wp-json\/wp\/v2\/comments?post=14006"}],"version-history":[{"count":1,"href":"https:\/\/www.comunicatur.info\/es\/wp-json\/wp\/v2\/posts\/14006\/revisions"}],"predecessor-version":[{"id":14007,"href":"https:\/\/www.comunicatur.info\/es\/wp-json\/wp\/v2\/posts\/14006\/revisions\/14007"}],"wp:attachment":[{"href":"https:\/\/www.comunicatur.info\/es\/wp-json\/wp\/v2\/media?parent=14006"}],"wp:term":[{"taxonomy":"category","embeddable":true,"href":"https:\/\/www.comunicatur.info\/es\/wp-json\/wp\/v2\/categories?post=14006"},{"taxonomy":"post_tag","embeddable":true,"href":"https:\/\/www.comunicatur.info\/es\/wp-json\/wp\/v2\/tags?post=14006"}],"curies":[{"name":"wp","href":"https:\/\/api.w.org\/{rel}","templated":true}]}}