{"id":13983,"date":"2019-06-13T00:00:52","date_gmt":"2019-06-12T22:00:52","guid":{"rendered":"https:\/\/comunicatur.info\/?p=13983"},"modified":"2019-06-12T23:35:21","modified_gmt":"2019-06-12T21:35:21","slug":"doctor-music-festival-cancela-definitivamente-su-segundo-intento-de-resucitar","status":"publish","type":"post","link":"https:\/\/www.comunicatur.info\/es\/doctor-music-festival-cancela-definitivamente-su-segundo-intento-de-resucitar\/","title":{"rendered":"Doctor Music Festival cancela definitivamente su segundo intento de resucitar"},"content":{"rendered":"<p>La promotora del Doctor Music Festival ha anunciado en un comunicado que \u201cse ha visto obligada a cancelar la edici\u00f3n de este a\u00f1o, prevista para los d\u00edas 12, 13 y 14 de julio en el Circuit de Barcelona-Catalunya en Montmel\u00f3\u201d. La reubicaci\u00f3n del festival no ha sido bien acogida por el p\u00fablico (inicialmente estaba previsto en los Pirineos) y ha causado devoluciones de abonos, que sumado a la baja venta de nuevas entradas han forzado a los organizadores a suspenderlo.<!--more--><\/p>\n<p><img class=\"alignright size-medium wp-image-13599\" src=\"https:\/\/www.comunicatur.info\/wp-content\/uploads\/2019\/03\/DrMusic-300x224.jpg\" alt=\"\" width=\"300\" height=\"224\" srcset=\"https:\/\/www.comunicatur.info\/wp-content\/uploads\/2019\/03\/DrMusic-300x224.jpg 300w, https:\/\/www.comunicatur.info\/wp-content\/uploads\/2019\/03\/DrMusic-768x574.jpg 768w, https:\/\/www.comunicatur.info\/wp-content\/uploads\/2019\/03\/DrMusic-600x448.jpg 600w, https:\/\/www.comunicatur.info\/wp-content\/uploads\/2019\/03\/DrMusic.jpg 899w\" sizes=\"(max-width: 300px) 100vw, 300px\" \/>En el comunicado denuncian<a href=\"https:\/\/www.comunicatur.info\/es\/la-perdida-del-doctor-music-un-desastre-turistico-por-los-pirineos\/\" target=\"_blank\" rel=\"noopener noreferrer\"> \u201cla incomprensible y arbitraria decisi\u00f3n de la Agencia Catalana del Agua que les forz\u00f3 a trasladarse desde Escalarre (Valls d\u2019\u00c0neu) a Montmel\u00f3.<\/a> Se trat\u00f3 de un \u201cdur\u00edsimo golpe\u201d para el Doctor Music Festival ya que \u201cel ritmo de venta de entradas para el nuevo emplazamiento no ha alcanzado la cantidad m\u00ednima requerida para ofrecer la experiencia que desde siempre hab\u00edamos so\u00f1ado\u201d, afirman.<\/p>\n<p><img class=\"alignright size-medium wp-image-13979\" src=\"https:\/\/www.comunicatur.info\/wp-content\/uploads\/2019\/06\/DrMusic-300x153.jpg\" alt=\"\" width=\"300\" height=\"153\" srcset=\"https:\/\/www.comunicatur.info\/wp-content\/uploads\/2019\/06\/DrMusic-300x153.jpg 300w, https:\/\/www.comunicatur.info\/wp-content\/uploads\/2019\/06\/DrMusic-600x307.jpg 600w, https:\/\/www.comunicatur.info\/wp-content\/uploads\/2019\/06\/DrMusic.jpg 647w\" sizes=\"(max-width: 300px) 100vw, 300px\" \/><a href=\"https:\/\/www.comunicatur.info\/es\/el-festival-de-musica-de-escalarre-sera-una-revolucion-para-los-pirineos\/\" target=\"_blank\" rel=\"noopener noreferrer\">El festival de la vaca se considera el m\u00e1s grande de Europa<\/a> y un referente del turismo musical similar al <a href=\"https:\/\/www.comunicatur.info\/es\/primavera-sound-el-reclamo-turistico-de-exito-de-la-ciudad-de-barcelona\/\" target=\"_blank\" rel=\"noopener noreferrer\">Primavera Sound.<\/a> Ofrece la experiencia de conocer y compartir tres d\u00edas y tres noches con otras personas atra\u00eddas por la m\u00fasica. Lamentan que por decisiones burocr\u00e1ticas el Pallars haya perdido el beneficio econ\u00f3mico que produce el festival, as\u00ed como su alto valor cultural y social.<\/p>\n<p>Doctor Music devolver\u00e1 el importe de los abonos y entradas ya adquiridos.<\/p>\n","protected":false},"excerpt":{"rendered":"<p>La promotora del Doctor Music Festival ha anunciado en un comunicado que \u201cse ha visto obligada a cancelar la edici\u00f3n de este a\u00f1o, prevista para los d\u00edas 12, 13 y 14 de julio en el Circuit de Barcelona-Catalunya en Montmel\u00f3\u201d. La reubicaci\u00f3n del festival no ha sido bien acogida por el p\u00fablico (inicialmente estaba previsto &hellip;<\/p>\n","protected":false},"author":408,"featured_media":0,"comment_status":"closed","ping_status":"open","sticky":false,"template":"","format":"standard","meta":[],"categories":[62,61],"tags":[],"_links":{"self":[{"href":"https:\/\/www.comunicatur.info\/es\/wp-json\/wp\/v2\/posts\/13983"}],"collection":[{"href":"https:\/\/www.comunicatur.info\/es\/wp-json\/wp\/v2\/posts"}],"about":[{"href":"https:\/\/www.comunicatur.info\/es\/wp-json\/wp\/v2\/types\/post"}],"author":[{"embeddable":true,"href":"https:\/\/www.comunicatur.info\/es\/wp-json\/wp\/v2\/users\/408"}],"replies":[{"embeddable":true,"href":"https:\/\/www.comunicatur.info\/es\/wp-json\/wp\/v2\/comments?post=13983"}],"version-history":[{"count":1,"href":"https:\/\/www.comunicatur.info\/es\/wp-json\/wp\/v2\/posts\/13983\/revisions"}],"predecessor-version":[{"id":13984,"href":"https:\/\/www.comunicatur.info\/es\/wp-json\/wp\/v2\/posts\/13983\/revisions\/13984"}],"wp:attachment":[{"href":"https:\/\/www.comunicatur.info\/es\/wp-json\/wp\/v2\/media?parent=13983"}],"wp:term":[{"taxonomy":"category","embeddable":true,"href":"https:\/\/www.comunicatur.info\/es\/wp-json\/wp\/v2\/categories?post=13983"},{"taxonomy":"post_tag","embeddable":true,"href":"https:\/\/www.comunicatur.info\/es\/wp-json\/wp\/v2\/tags?post=13983"}],"curies":[{"name":"wp","href":"https:\/\/api.w.org\/{rel}","templated":true}]}}