{"id":13835,"date":"2019-05-21T00:00:38","date_gmt":"2019-05-20T22:00:38","guid":{"rendered":"https:\/\/comunicatur.info\/?p=13835"},"modified":"2019-05-20T14:46:51","modified_gmt":"2019-05-20T12:46:51","slug":"las-ocurrencias-sobre-turismo-de-los-politicos-en-campana-municipal","status":"publish","type":"post","link":"https:\/\/www.comunicatur.info\/es\/las-ocurrencias-sobre-turismo-de-los-politicos-en-campana-municipal\/","title":{"rendered":"Las ocurrencias sobre turismo de los pol\u00edticos en campa\u00f1a municipal"},"content":{"rendered":"<p><img class=\"alignright size-medium wp-image-13827\" src=\"https:\/\/www.comunicatur.info\/wp-content\/uploads\/2019\/05\/Ada_Colau-267x300.jpg\" alt=\"\" width=\"267\" height=\"300\" srcset=\"https:\/\/www.comunicatur.info\/wp-content\/uploads\/2019\/05\/Ada_Colau-267x300.jpg 267w, https:\/\/www.comunicatur.info\/wp-content\/uploads\/2019\/05\/Ada_Colau-768x861.jpg 768w, https:\/\/www.comunicatur.info\/wp-content\/uploads\/2019\/05\/Ada_Colau-913x1024.jpg 913w, https:\/\/www.comunicatur.info\/wp-content\/uploads\/2019\/05\/Ada_Colau-600x673.jpg 600w, https:\/\/www.comunicatur.info\/wp-content\/uploads\/2019\/05\/Ada_Colau.jpg 1200w\" sizes=\"(max-width: 267px) 100vw, 267px\" \/>Hacer un seguimiento de los candidatos y candidatas a dirigir el ayuntamiento de una capital con ojos del sector tur\u00edstico da para mucho. Sobre todo, para descubrir el bajo conocimiento que tienen de la actividad y como m\u00e1s que propuestas explican ocurrencias, por no calificarlas de chorradas o insensateces.<!--more--><\/p>\n<p>El coste del transporte p\u00fablico de Barcelona sufragado por los turistas. Esta es la idea que la actual alcaldesa, Ada Colau, ha puesto sobre la mesa con el fin de captar votos. BCom\u00fa sabe que la tasa tur\u00edstica no puede cubrirlo todo, pero no se cortan en su ambici\u00f3n para enviar mensajes en esta l\u00ednea.<\/p>\n<p><img class=\"alignleft size-full wp-image-13826\" src=\"https:\/\/www.comunicatur.info\/wp-content\/uploads\/2019\/05\/Jaume_Collboni.jpg\" alt=\"\" width=\"220\" height=\"243\" \/>Un carn\u00e9 de puntos para los pisos tur\u00edsticos que ir\u00edan perdiendo seg\u00fan las quejas de los vecinos y acabar\u00edan cerrados por vulnerar la convivencia. Con esta idea Jaume Collboni del PSC sustituye el alcohol\u00edmetro de tr\u00e1fico por el son\u00f3metro para apartamentos.<\/p>\n<p><img class=\"alignright size-medium wp-image-13828\" src=\"https:\/\/www.comunicatur.info\/wp-content\/uploads\/2019\/05\/Ernest_Maragall-287x300.jpg\" alt=\"\" width=\"287\" height=\"300\" srcset=\"https:\/\/www.comunicatur.info\/wp-content\/uploads\/2019\/05\/Ernest_Maragall-287x300.jpg 287w, https:\/\/www.comunicatur.info\/wp-content\/uploads\/2019\/05\/Ernest_Maragall-768x803.jpg 768w, https:\/\/www.comunicatur.info\/wp-content\/uploads\/2019\/05\/Ernest_Maragall-979x1024.jpg 979w, https:\/\/www.comunicatur.info\/wp-content\/uploads\/2019\/05\/Ernest_Maragall-600x628.jpg 600w, https:\/\/www.comunicatur.info\/wp-content\/uploads\/2019\/05\/Ernest_Maragall.jpg 1041w\" sizes=\"(max-width: 287px) 100vw, 287px\" \/>Expropiar apartamentos tur\u00edsticos a las bravas para aumentar la oferta de alquiler de viviendas. Ernest Maragall de ERC anuncia una propuesta que no aparece en su programa electoral. Dispara con bala, esperamos que no toque a ning\u00fan familiar con patrimonio inmobiliario. Adem\u00e1s, una tasa tur\u00edstica de 10 euros es la segunda ocurrencia que Maragall ha a\u00f1adido a la campa\u00f1a. ERC tendr\u00e1 un problema si llega al gobierno municipal. Dif\u00edcil que supere un m\u00ednimo control de promesas incumplidas.<\/p>\n<p><img class=\"size-medium wp-image-13803 alignleft\" src=\"https:\/\/www.comunicatur.info\/wp-content\/uploads\/2019\/05\/ElsaArtadi-300x230.jpg\" alt=\"\" width=\"300\" height=\"230\" srcset=\"https:\/\/www.comunicatur.info\/wp-content\/uploads\/2019\/05\/ElsaArtadi-300x230.jpg 300w, https:\/\/www.comunicatur.info\/wp-content\/uploads\/2019\/05\/ElsaArtadi.jpg 541w\" sizes=\"(max-width: 300px) 100vw, 300px\" \/>Polic\u00eda, polic\u00eda y m\u00e1s polic\u00eda. La inseguridad en la ciudad es un hecho y Elsa Artadi, candidata de JuntsxCat denuncia que los delitos en la ciudad se han incrementado un 30% y por ello propone aumentar la plantilla de la Guardia Urbana en 300 efectivos. Artadi pasa de puntillas que los Mossos tienen las competencias en seguridad ciudadana y est\u00e1n gestionados por el Gobierno catal\u00e1n de donde ha sido vicepresidenta hasta hace pocas semanas.<\/p>\n<p><img class=\"alignright size-medium wp-image-13829\" src=\"https:\/\/www.comunicatur.info\/wp-content\/uploads\/2019\/05\/Manuel_valls-300x300.png\" alt=\"\" width=\"300\" height=\"300\" srcset=\"https:\/\/www.comunicatur.info\/wp-content\/uploads\/2019\/05\/Manuel_valls-300x300.png 300w, https:\/\/www.comunicatur.info\/wp-content\/uploads\/2019\/05\/Manuel_valls-150x150.png 150w, https:\/\/www.comunicatur.info\/wp-content\/uploads\/2019\/05\/Manuel_valls.png 400w\" sizes=\"(max-width: 300px) 100vw, 300px\" \/>Abrir la 3\u00aa Guerra Mundial contra los manteros durante 90 d\u00edas. Manuel Valls de Barcelona por el Cambio-Cs ha centrado su campa\u00f1a en torno a una problem\u00e1tica de incidencia limitada, pero est\u00e1 dispuesto a matar moscas a ca\u00f1onazos.<\/p>\n<p><img class=\"alignleft size-medium wp-image-13801\" src=\"https:\/\/www.comunicatur.info\/wp-content\/uploads\/2019\/05\/PP_Bou-300x199.jpg\" alt=\"\" width=\"300\" height=\"199\" srcset=\"https:\/\/www.comunicatur.info\/wp-content\/uploads\/2019\/05\/PP_Bou-300x199.jpg 300w, https:\/\/www.comunicatur.info\/wp-content\/uploads\/2019\/05\/PP_Bou.jpg 520w\" sizes=\"(max-width: 300px) 100vw, 300px\" \/>El candidato que presume de no tener pelos en la lengua, porque seg\u00fan \u00e9l, la tiene \u00abdepilada\u00bb, es Josep Bou, del PP. Sus ocurrencias pasan por abrir sucursales en Barcelona del Museo de El Prado y del Reina Sof\u00eda. Bou quiz\u00e1s desconoce el patrimonio muse\u00edstico de la ciudad que aspira a gobernar y su potencial tur\u00edstico.<\/p>\n<p><img class=\"alignright size-medium wp-image-13798\" src=\"https:\/\/www.comunicatur.info\/wp-content\/uploads\/2019\/05\/GrauPere_BCN-300x219.jpg\" alt=\"\" width=\"300\" height=\"219\" srcset=\"https:\/\/www.comunicatur.info\/wp-content\/uploads\/2019\/05\/GrauPere_BCN-300x219.jpg 300w, https:\/\/www.comunicatur.info\/wp-content\/uploads\/2019\/05\/GrauPere_BCN.jpg 427w\" sizes=\"(max-width: 300px) 100vw, 300px\" \/>Perseguir a las plataformas que no colaboran en la oferta ilegal de pisos tur\u00edsticos como \u201cs\u00ed est\u00e1 haciendo Airbnb en Barcelona\u201d. Jordi Graupera de BCN\u00e9sCapital desconoce el sector o quiere complacer a una multinacional norteamericana a la que se siente muy cercano.<\/p>\n<p>Con la Liga de f\u00fatbol en el saco del FC Barcelona, los candidatos no hablan de c\u00f3mo Madrid ha superado a Barcelona en la \u00abliga\u00bb de los destinos de congresos. Seg\u00fan el prestigioso ranking ICCA (International Congress and Conventions Association) la capital catalana ha pasado de la tercera a la cuarta posici\u00f3n mientras que Madrid ha escalado hasta la tercera posici\u00f3n desde la s\u00e9ptima.<\/p>\n","protected":false},"excerpt":{"rendered":"<p>Hacer un seguimiento de los candidatos y candidatas a dirigir el ayuntamiento de una capital con ojos del sector tur\u00edstico da para mucho. Sobre todo, para descubrir el bajo conocimiento que tienen de la actividad y como m\u00e1s que propuestas explican ocurrencias, por no calificarlas de chorradas o insensateces. El coste del transporte p\u00fablico de &hellip;<\/p>\n","protected":false},"author":408,"featured_media":0,"comment_status":"closed","ping_status":"open","sticky":false,"template":"","format":"standard","meta":[],"categories":[73],"tags":[],"_links":{"self":[{"href":"https:\/\/www.comunicatur.info\/es\/wp-json\/wp\/v2\/posts\/13835"}],"collection":[{"href":"https:\/\/www.comunicatur.info\/es\/wp-json\/wp\/v2\/posts"}],"about":[{"href":"https:\/\/www.comunicatur.info\/es\/wp-json\/wp\/v2\/types\/post"}],"author":[{"embeddable":true,"href":"https:\/\/www.comunicatur.info\/es\/wp-json\/wp\/v2\/users\/408"}],"replies":[{"embeddable":true,"href":"https:\/\/www.comunicatur.info\/es\/wp-json\/wp\/v2\/comments?post=13835"}],"version-history":[{"count":1,"href":"https:\/\/www.comunicatur.info\/es\/wp-json\/wp\/v2\/posts\/13835\/revisions"}],"predecessor-version":[{"id":13836,"href":"https:\/\/www.comunicatur.info\/es\/wp-json\/wp\/v2\/posts\/13835\/revisions\/13836"}],"wp:attachment":[{"href":"https:\/\/www.comunicatur.info\/es\/wp-json\/wp\/v2\/media?parent=13835"}],"wp:term":[{"taxonomy":"category","embeddable":true,"href":"https:\/\/www.comunicatur.info\/es\/wp-json\/wp\/v2\/categories?post=13835"},{"taxonomy":"post_tag","embeddable":true,"href":"https:\/\/www.comunicatur.info\/es\/wp-json\/wp\/v2\/tags?post=13835"}],"curies":[{"name":"wp","href":"https:\/\/api.w.org\/{rel}","templated":true}]}}