{"id":1377,"date":"2009-06-04T17:24:45","date_gmt":"2009-06-04T17:24:45","guid":{"rendered":"https:\/\/comunicatur.info\/laeroport-de-lleida-rebra-ajudes-per-viatger-3\/"},"modified":"2009-06-04T17:24:45","modified_gmt":"2009-06-04T17:24:45","slug":"laeroport-de-lleida-rebra-ajudes-per-viatger-3","status":"publish","type":"post","link":"https:\/\/www.comunicatur.info\/es\/laeroport-de-lleida-rebra-ajudes-per-viatger-3\/","title":{"rendered":"El aeropuerto de Lleida recibir\u00e1 ayudas por cada viajero"},"content":{"rendered":"<p> El aeropuerto de L\u00e9rida-Alguaire abrir\u00e1 en noviembre con la posibilidad de operar 16 vuelos diarios y con ayudas del Gobierno catal\u00e1n a las l\u00edneas a\u00e9reas por cada viajero que transporten, como ya ocurre en Girona y Reus, donde las operadoras ingresan uno y tres euros por viajero, respectivamente. Adem\u00e1s, durante un a\u00f1o las compa\u00f1\u00edas no pagar\u00e1n las tarifas aeroportuarias terrestres. <\/p>\n<p><\/p>\n<p> As\u00ed lo explic\u00f3 el secretario de Movilidad de la conselleria de Pol\u00edtica Territorial y Obras P\u00fablicas, Manel Nadal, que aclar\u00f3 que las ayudas las dar\u00e1 el consorcio del aeropuerto en el que la Generalitat participa con un 51%. La partida estar\u00eda destinada a promocionar el aeropuerto, seg\u00fan Nadal, que ya ha pedido a las tres compa\u00f1\u00edas interesadas sus propuestas. <\/p>\n<p>Han comenzado las pruebas de calibraje en el aeropuerto leridano que estar\u00e0 provisto de un complejo sistema conocido como ILS que facilita el aterrizaje en d\u00edas complicados de niebla, lluvia o viento.\/ Ag. EP<\/p>\n","protected":false},"excerpt":{"rendered":"<p> El aeropuerto de L\u00e9rida-Alguaire abrir\u00e1 en noviembre con la posibilidad de operar 16 vuelos diarios y con ayudas del Gobierno catal\u00e1n a las l\u00edneas a\u00e9reas por cada viajero que transporten, como ya ocurre en Girona y Reus, donde las operadoras ingresan uno y tres euros por viajero, respectivamente. Adem\u00e1s, durante un a\u00f1o las compa\u00f1\u00edas no pagar\u00e1n las tarifas aeroportuarias terrestres. <\/p>\n","protected":false},"author":1,"featured_media":0,"comment_status":"close","ping_status":"open","sticky":false,"template":"","format":"standard","meta":[],"categories":[30],"tags":[],"_links":{"self":[{"href":"https:\/\/www.comunicatur.info\/es\/wp-json\/wp\/v2\/posts\/1377"}],"collection":[{"href":"https:\/\/www.comunicatur.info\/es\/wp-json\/wp\/v2\/posts"}],"about":[{"href":"https:\/\/www.comunicatur.info\/es\/wp-json\/wp\/v2\/types\/post"}],"author":[{"embeddable":true,"href":"https:\/\/www.comunicatur.info\/es\/wp-json\/wp\/v2\/users\/1"}],"replies":[{"embeddable":true,"href":"https:\/\/www.comunicatur.info\/es\/wp-json\/wp\/v2\/comments?post=1377"}],"version-history":[{"count":0,"href":"https:\/\/www.comunicatur.info\/es\/wp-json\/wp\/v2\/posts\/1377\/revisions"}],"wp:attachment":[{"href":"https:\/\/www.comunicatur.info\/es\/wp-json\/wp\/v2\/media?parent=1377"}],"wp:term":[{"taxonomy":"category","embeddable":true,"href":"https:\/\/www.comunicatur.info\/es\/wp-json\/wp\/v2\/categories?post=1377"},{"taxonomy":"post_tag","embeddable":true,"href":"https:\/\/www.comunicatur.info\/es\/wp-json\/wp\/v2\/tags?post=1377"}],"curies":[{"name":"wp","href":"https:\/\/api.w.org\/{rel}","templated":true}]}}