{"id":13748,"date":"2019-05-07T00:00:14","date_gmt":"2019-05-06T22:00:14","guid":{"rendered":"https:\/\/comunicatur.info\/?p=13748"},"modified":"2019-05-06T13:29:43","modified_gmt":"2019-05-06T11:29:43","slug":"el-ultimo-estudio-turismo-rural-tiene-el-mayor-porcentaje-de-ocupacion-de-semana-santa-en-las-comarcas-de-barcelona","status":"publish","type":"post","link":"https:\/\/www.comunicatur.info\/es\/el-ultimo-estudio-turismo-rural-tiene-el-mayor-porcentaje-de-ocupacion-de-semana-santa-en-las-comarcas-de-barcelona\/","title":{"rendered":"El \u00faltimo estudio del Laboratorio de Turismo sobre la ocupaci\u00f3n en las comarcas de Barcelona"},"content":{"rendered":"<p>El <strong>Laboratorio de Turismo de la Diputaci\u00f3n de Barcelona<\/strong> ha dado a conocer los resultados de su conocida <strong>Encuesta Flash de ocupaci\u00f3n tur\u00edstica<\/strong> relativa a la <strong>Semana Santa 2019<\/strong> (noches del 12 al 21 de abril) y, como es tradicional, se ha centrado en el Entorno de Barcelona, es decir todas las comarcas menos el Barcelon\u00e8s.<\/p>\n<p><!--more--><img class=\"alignright size-full wp-image-12988\" src=\"https:\/\/www.comunicatur.info\/wp-content\/uploads\/2018\/11\/Sitges_vila.jpg\" alt=\"\" width=\"200\" height=\"150\" \/>A nivel general, hay que recordar que ha ca\u00eddo tarde en el calendario (el a\u00f1o pasado fue a finales de marzo), que la meteorolog\u00eda ha sido bastante mala y que seguramente ha repercutido negativamente por la tendencia a reservar a \u00faltima hora. Los buenos datos del turismo rural (92,3% en los d\u00edas festivos) refuerzan la tendencia observada en los primeros meses del a\u00f1o en el sentido de una recuperaci\u00f3n del mercado espa\u00f1ol.<\/p>\n<p><strong>ESTABLECIMIENTOS HOTELEROS<\/strong><br \/>\n&#8211; <strong>Ocupaci\u00f3n media del 76%,<\/strong> unos 3,8 puntos porcentuales (pp) por encima de las cifras del a\u00f1o anterior.<br \/>\n&#8211; Como es natural, el m\u00e1ximo crecimiento se ha dado en los <strong>d\u00edas festivos, <\/strong>donde la ocupaci\u00f3n ha llegado al <strong>80,8%<\/strong> (+5,4 pp respecto al a\u00f1o pasado).<br \/>\n&#8211; Por comarcas y d\u00edas festivos, destacan el Alt Pened\u00e8s (+17,9 pp), el Vall\u00e8s Occidental (+14,5 pp) y el Garraf (+11,2 pp). Les siguen el Bages (+9,7) y el Baix Llobregat (+8,6).<br \/>\n&#8211; Los crecimientos m\u00e1s moderados han sido los del Maresme (+3,7) y el Bergued\u00e0 (+3,1).<br \/>\n&#8211; Las comarcas que han decrecido son principalmente el Moian\u00e8s (-12,9 pp) y Osona (-4,4).<br \/>\nEl Anoia y el Vall\u00e8s Oriental han tenido reducciones poco significativas.<br \/>\n&#8211; En los <strong>d\u00edas no festivos <\/strong>el crecimiento ha sido, globalmente de 2,5 pp.<br \/>\n&#8211; Hay comarcas que aumentan su ocupaci\u00f3n hotelera en d\u00edas festivos y no festivos (Alt Pened\u00e8s, Bages, Baix Llobregat, Garraf y Vall\u00e8s Occidental); comarcas que pierden ocupaci\u00f3n en d\u00edas festivos y tambi\u00e9n en d\u00edas laborables (Osona y Anoia) y comarcas que en algunos casos han perdido y en otros han ganado ocupaci\u00f3n (Bergued\u00e0 y Moian\u00e8s).<\/p>\n<p><strong>TURISMO RURAL<\/strong><br \/>\n&#8211; <strong>Ocupaci\u00f3n media del 57,3%<\/strong> (+3,4 pp respecto a 2018).<br \/>\n&#8211; <strong>D\u00edas festivos: ocupaci\u00f3n del 92,7%<\/strong> (-0,2 pp).<br \/>\n&#8211; D\u00edas laborables: ocupaci\u00f3n de un 29,3% (+6,36 pp).<br \/>\n&#8211; En el hist\u00f3rico de los \u00faltimos nueve a\u00f1os,<strong> la ocupaci\u00f3n entre festivos y laborables est\u00e1 muy lejana entre s\u00ed (70 pp). Es un car\u00e1cter distintivo del turismo rural. <\/strong><br \/>\n&#8211; Por comarcas, todas han tenido una ocupaci\u00f3n positiva, con la excepci\u00f3n del Bergued\u00e0, que ha bajado 5,3 pp respecto a 2018.<br \/>\n&#8211; La m\u00e1xima ocupaci\u00f3n la ha tenido el Moian\u00e8s en d\u00edas festivos, con un 95,2% (+11,9 pp).<\/p>\n<p><strong>CAMPINGS<\/strong><br \/>\n&#8211; <strong>Ocupaci\u00f3n media: 56,2%<\/strong> (-7,9 pp).<br \/>\n&#8211; Es la \u00fanica tipolog\u00eda que ha perdido ocupaci\u00f3n respecto al a\u00f1o 2018, pero, como es sabido, la meteorolog\u00eda castiga especialmente a los campings.<br \/>\n&#8211; La encuesta flash de esta tipolog\u00eda se presenta por marca tur\u00edstica y no por comarcas.<\/p>\n<p>&#8211; <strong>Los d\u00edas festivos la ocupaci\u00f3n sube hasta el 67,4%<\/strong> (-10,5 pp) y los d\u00edas laborables la ocupaci\u00f3n media ha sido del 47,2% (-5,8 pp).<br \/>\n&#8211; Por marcas tur\u00edsticas, globalmente, <strong>Paisajes Barcelona<\/strong> sube 2,51 pp mientras que <strong>Costa Barcelona<\/strong> pierde 9,20 pp y <strong>Pirineos Barcelona<\/strong> pierde 5,45 pp.<\/p>\n<p>En cuanto a los <strong>apartamentos tur\u00edsticos<\/strong>, no se han analizado por falta de datos suficientemente significativos<\/p>\n<p><a href=\"https:\/\/www.diba.cat\/documents\/74348\/244505151\/Informe+Flaix+Ocupaci\u00f3+tur\u00edstica+SS+2019.pdf\/39af2c6e-8a92-4d85-b758-011c5474c197\" target=\"_blank\" rel=\"noopener\"><em>Quiero ver la Encuesta Flash Semana Santa 2019<\/em><\/a><\/p>\n","protected":false},"excerpt":{"rendered":"<p>El Laboratorio de Turismo de la Diputaci\u00f3n de Barcelona ha dado a conocer los resultados de su conocida Encuesta Flash de ocupaci\u00f3n tur\u00edstica relativa a la Semana Santa 2019 (noches del 12 al 21 de abril) y, como es tradicional, se ha centrado en el Entorno de Barcelona, es decir todas las comarcas menos el &hellip;<\/p>\n","protected":false},"author":408,"featured_media":0,"comment_status":"closed","ping_status":"open","sticky":false,"template":"","format":"standard","meta":[],"categories":[74],"tags":[],"_links":{"self":[{"href":"https:\/\/www.comunicatur.info\/es\/wp-json\/wp\/v2\/posts\/13748"}],"collection":[{"href":"https:\/\/www.comunicatur.info\/es\/wp-json\/wp\/v2\/posts"}],"about":[{"href":"https:\/\/www.comunicatur.info\/es\/wp-json\/wp\/v2\/types\/post"}],"author":[{"embeddable":true,"href":"https:\/\/www.comunicatur.info\/es\/wp-json\/wp\/v2\/users\/408"}],"replies":[{"embeddable":true,"href":"https:\/\/www.comunicatur.info\/es\/wp-json\/wp\/v2\/comments?post=13748"}],"version-history":[{"count":1,"href":"https:\/\/www.comunicatur.info\/es\/wp-json\/wp\/v2\/posts\/13748\/revisions"}],"predecessor-version":[{"id":13749,"href":"https:\/\/www.comunicatur.info\/es\/wp-json\/wp\/v2\/posts\/13748\/revisions\/13749"}],"wp:attachment":[{"href":"https:\/\/www.comunicatur.info\/es\/wp-json\/wp\/v2\/media?parent=13748"}],"wp:term":[{"taxonomy":"category","embeddable":true,"href":"https:\/\/www.comunicatur.info\/es\/wp-json\/wp\/v2\/categories?post=13748"},{"taxonomy":"post_tag","embeddable":true,"href":"https:\/\/www.comunicatur.info\/es\/wp-json\/wp\/v2\/tags?post=13748"}],"curies":[{"name":"wp","href":"https:\/\/api.w.org\/{rel}","templated":true}]}}