{"id":13690,"date":"2019-04-23T00:00:35","date_gmt":"2019-04-22T22:00:35","guid":{"rendered":"https:\/\/comunicatur.info\/?p=13690"},"modified":"2019-04-22T19:41:49","modified_gmt":"2019-04-22T17:41:49","slug":"el-mal-tiempo-enturbia-la-semana-santa","status":"publish","type":"post","link":"https:\/\/www.comunicatur.info\/es\/el-mal-tiempo-enturbia-la-semana-santa\/","title":{"rendered":"El mal tiempo enturbia la Semana Santa"},"content":{"rendered":"<p>El balance tur\u00edstico de la Semana Santa 2019 no ha cubierto las expectativas. <a href=\"https:\/\/www.comunicatur.info\/es\/una-semana-santa-algo-mejor-que-la-de-2018\/\" target=\"_blank\" rel=\"noopener noreferrer\">Las previsiones no eran malas pero la meteorolog\u00eda es un factor determinante que influye en las reservas de \u00faltima hora.<\/a><!--more--><\/p>\n<p><img class=\"alignright size-medium wp-image-13688\" src=\"https:\/\/www.comunicatur.info\/wp-content\/uploads\/2019\/04\/maltempsPlatjaCosta-300x169.jpg\" alt=\"\" width=\"300\" height=\"169\" srcset=\"https:\/\/www.comunicatur.info\/wp-content\/uploads\/2019\/04\/maltempsPlatjaCosta-300x169.jpg 300w, https:\/\/www.comunicatur.info\/wp-content\/uploads\/2019\/04\/maltempsPlatjaCosta-768x432.jpg 768w, https:\/\/www.comunicatur.info\/wp-content\/uploads\/2019\/04\/maltempsPlatjaCosta-1024x576.jpg 1024w, https:\/\/www.comunicatur.info\/wp-content\/uploads\/2019\/04\/maltempsPlatjaCosta-600x338.jpg 600w, https:\/\/www.comunicatur.info\/wp-content\/uploads\/2019\/04\/maltempsPlatjaCosta.jpg 2048w\" sizes=\"(max-width: 300px) 100vw, 300px\" \/>El frente que ha azotado el Mediterr\u00e1neo durante los d\u00edas de fiesta ha desanimado a muchos turistas.<a href=\"https:\/\/www.comunicatur.info\/es\/una-semana-santa-algo-mejor-que-la-de-2018\/\" target=\"_blank\" rel=\"noopener noreferrer\"> Las reservas se han moderado y el mal tiempo ha podido rebajar un 2% las estimaciones iniciales.<\/a> Pocos clientes han anulado sus estancias, pero muchos s\u00ed que han decidido no desplazarse.<\/p>\n<p>Los destinos de costa catalanes han sufrido m\u00e1s el contratiempo meteorol\u00f3gico con ocupaciones de entre el 70% i el 90%. <img class=\"alignright size-medium wp-image-11929\" src=\"https:\/\/www.comunicatur.info\/wp-content\/uploads\/2018\/03\/neu_baqueira-300x182.jpg\" alt=\"\" width=\"300\" height=\"182\" srcset=\"https:\/\/www.comunicatur.info\/wp-content\/uploads\/2018\/03\/neu_baqueira-300x182.jpg 300w, https:\/\/www.comunicatur.info\/wp-content\/uploads\/2018\/03\/neu_baqueira.jpg 367w\" sizes=\"(max-width: 300px) 100vw, 300px\" \/>Mientras, el interior y la monta\u00f1a, con estaciones de esqu\u00ed abiertas en los Pirineos, han cumplido m\u00e1s las expectativas. Las \u00faltimas nevadas han permitido alargar la temporada hasta el Lunes de Pascua.<\/p>\n<p>A pesar del mal tiempo, la costa catalana se ha salvado de la cat\u00e1strofe que han padecido los destinos del levante mediterr\u00e1neo. La Semana Santa de la Comunitat Valenciana ha sido un aut\u00e9ntico desastre y los hoteleros la consideran una de las peores que recuerdan. Las reservas han ca\u00eddo hasta un 80% respecto al a\u00f1o pasado.<\/p>\n<p>El balance en t\u00e9rminos globales de esta Semana Santa para el turismo catal\u00e1n no es positivo b\u00e1sicamente porque la \u00faltima hora no ha funcionado. Ha faltado ese \u00faltimo empuj\u00f3n de reservas.<\/p>\n","protected":false},"excerpt":{"rendered":"<p>El balance tur\u00edstico de la Semana Santa 2019 no ha cubierto las expectativas. Las previsiones no eran malas pero la meteorolog\u00eda es un factor determinante que influye en las reservas de \u00faltima hora. El frente que ha azotado el Mediterr\u00e1neo durante los d\u00edas de fiesta ha desanimado a muchos turistas. Las reservas se han moderado &hellip;<\/p>\n","protected":false},"author":408,"featured_media":0,"comment_status":"closed","ping_status":"open","sticky":false,"template":"","format":"standard","meta":[],"categories":[62],"tags":[],"_links":{"self":[{"href":"https:\/\/www.comunicatur.info\/es\/wp-json\/wp\/v2\/posts\/13690"}],"collection":[{"href":"https:\/\/www.comunicatur.info\/es\/wp-json\/wp\/v2\/posts"}],"about":[{"href":"https:\/\/www.comunicatur.info\/es\/wp-json\/wp\/v2\/types\/post"}],"author":[{"embeddable":true,"href":"https:\/\/www.comunicatur.info\/es\/wp-json\/wp\/v2\/users\/408"}],"replies":[{"embeddable":true,"href":"https:\/\/www.comunicatur.info\/es\/wp-json\/wp\/v2\/comments?post=13690"}],"version-history":[{"count":3,"href":"https:\/\/www.comunicatur.info\/es\/wp-json\/wp\/v2\/posts\/13690\/revisions"}],"predecessor-version":[{"id":13695,"href":"https:\/\/www.comunicatur.info\/es\/wp-json\/wp\/v2\/posts\/13690\/revisions\/13695"}],"wp:attachment":[{"href":"https:\/\/www.comunicatur.info\/es\/wp-json\/wp\/v2\/media?parent=13690"}],"wp:term":[{"taxonomy":"category","embeddable":true,"href":"https:\/\/www.comunicatur.info\/es\/wp-json\/wp\/v2\/categories?post=13690"},{"taxonomy":"post_tag","embeddable":true,"href":"https:\/\/www.comunicatur.info\/es\/wp-json\/wp\/v2\/tags?post=13690"}],"curies":[{"name":"wp","href":"https:\/\/api.w.org\/{rel}","templated":true}]}}