{"id":13668,"date":"2019-04-15T00:00:46","date_gmt":"2019-04-14T22:00:46","guid":{"rendered":"https:\/\/comunicatur.info\/?p=13668"},"modified":"2019-04-14T18:03:05","modified_gmt":"2019-04-14T16:03:05","slug":"una-semana-santa-algo-mejor-que-la-de-2018","status":"publish","type":"post","link":"https:\/\/www.comunicatur.info\/es\/una-semana-santa-algo-mejor-que-la-de-2018\/","title":{"rendered":"Una Semana Santa algo mejor que la de 2018"},"content":{"rendered":"<p>M\u00e1s del 70% de los turistas en Semana Santa son nacionales. Como en a\u00f1os anteriores los cuatro d\u00edas festivos ser\u00e1n los de m\u00e1xima afluencia. Las previsiones de los alojamientos catalanes es superar el 80% de ocupaci\u00f3n en la costa y de entre el 65% y el 75% en las zonas de interior.<!--more--><\/p>\n<p>En el caso de la ciudad de Barcelona la ocupaci\u00f3n puede rondar el 85%, una previsi\u00f3n muy por encima de los resultados del a\u00f1o pasado.<\/p>\n<p><img class=\"alignright size-medium wp-image-11943\" src=\"https:\/\/www.comunicatur.info\/wp-content\/uploads\/2018\/04\/costa-platja-litoral-300x225.jpg\" alt=\"\" width=\"300\" height=\"225\" srcset=\"https:\/\/www.comunicatur.info\/wp-content\/uploads\/2018\/04\/costa-platja-litoral-300x225.jpg 300w, https:\/\/www.comunicatur.info\/wp-content\/uploads\/2018\/04\/costa-platja-litoral-768x576.jpg 768w, https:\/\/www.comunicatur.info\/wp-content\/uploads\/2018\/04\/costa-platja-litoral-1024x768.jpg 1024w, https:\/\/www.comunicatur.info\/wp-content\/uploads\/2018\/04\/costa-platja-litoral-600x450.jpg 600w, https:\/\/www.comunicatur.info\/wp-content\/uploads\/2018\/04\/costa-platja-litoral.jpg 1632w\" sizes=\"(max-width: 300px) 100vw, 300px\" \/>En t\u00e9rminos generales la ocupaci\u00f3n tur\u00edstica durante Semana Santa ser\u00e1 muy similar a la del a\u00f1o anterior. La costa podr\u00eda tener unos indicadores superiores a 2018 mientras que el interior y la monta\u00f1a estar\u00eda en los mismos porcentajes. Las \u00faltimas nevadas podr\u00edan propiciar que una parte de los turistas quieran aprovechar los \u00faltimos d\u00edas en las estaciones de esqu\u00ed. Por las caracter\u00edsticas de la demanda tur\u00edstica de la Semana Santa los empresarios conf\u00edan en las reservas de \u00faltima hora, condicionadas a la previsi\u00f3n meteorol\u00f3gica.<\/p>\n<p><img class=\"alignright size-medium wp-image-11096\" src=\"https:\/\/www.comunicatur.info\/wp-content\/uploads\/2017\/11\/casarural-300x225.jpg\" alt=\"\" width=\"300\" height=\"225\" srcset=\"https:\/\/www.comunicatur.info\/wp-content\/uploads\/2017\/11\/casarural-300x225.jpg 300w, https:\/\/www.comunicatur.info\/wp-content\/uploads\/2017\/11\/casarural-768x575.jpg 768w, https:\/\/www.comunicatur.info\/wp-content\/uploads\/2017\/11\/casarural-1024x766.jpg 1024w, https:\/\/www.comunicatur.info\/wp-content\/uploads\/2017\/11\/casarural-600x449.jpg 600w\" sizes=\"(max-width: 300px) 100vw, 300px\" \/>En las zonas de Costa Brava y Costa Dorada el turismo deportivo y familiar ser\u00e1 el m\u00e1s importante. Ya es tradici\u00f3n que estos destinos organicen campeonatos deportivos dirigido a p\u00fablico infantil que consigue desplazar a familias enteras durante estos d\u00edas de vacaciones coincidiendo con los torneos. Un dato destacado por positivo es la previsi\u00f3n para las comarcas de la provincia de Lleida. Oscilar\u00e1n entre el 80% y el 95% de jueves Santo hasta el lunes de Pascua y estiman que el viernes podr\u00edan tener en muchos establecimientos hasta la plena ocupaci\u00f3n.<\/p>\n","protected":false},"excerpt":{"rendered":"<p>M\u00e1s del 70% de los turistas en Semana Santa son nacionales. Como en a\u00f1os anteriores los cuatro d\u00edas festivos ser\u00e1n los de m\u00e1xima afluencia. Las previsiones de los alojamientos catalanes es superar el 80% de ocupaci\u00f3n en la costa y de entre el 65% y el 75% en las zonas de interior. En el caso &hellip;<\/p>\n","protected":false},"author":408,"featured_media":0,"comment_status":"closed","ping_status":"open","sticky":false,"template":"","format":"standard","meta":[],"categories":[74],"tags":[],"_links":{"self":[{"href":"https:\/\/www.comunicatur.info\/es\/wp-json\/wp\/v2\/posts\/13668"}],"collection":[{"href":"https:\/\/www.comunicatur.info\/es\/wp-json\/wp\/v2\/posts"}],"about":[{"href":"https:\/\/www.comunicatur.info\/es\/wp-json\/wp\/v2\/types\/post"}],"author":[{"embeddable":true,"href":"https:\/\/www.comunicatur.info\/es\/wp-json\/wp\/v2\/users\/408"}],"replies":[{"embeddable":true,"href":"https:\/\/www.comunicatur.info\/es\/wp-json\/wp\/v2\/comments?post=13668"}],"version-history":[{"count":1,"href":"https:\/\/www.comunicatur.info\/es\/wp-json\/wp\/v2\/posts\/13668\/revisions"}],"predecessor-version":[{"id":13669,"href":"https:\/\/www.comunicatur.info\/es\/wp-json\/wp\/v2\/posts\/13668\/revisions\/13669"}],"wp:attachment":[{"href":"https:\/\/www.comunicatur.info\/es\/wp-json\/wp\/v2\/media?parent=13668"}],"wp:term":[{"taxonomy":"category","embeddable":true,"href":"https:\/\/www.comunicatur.info\/es\/wp-json\/wp\/v2\/categories?post=13668"},{"taxonomy":"post_tag","embeddable":true,"href":"https:\/\/www.comunicatur.info\/es\/wp-json\/wp\/v2\/tags?post=13668"}],"curies":[{"name":"wp","href":"https:\/\/api.w.org\/{rel}","templated":true}]}}