{"id":13551,"date":"2019-03-24T21:08:06","date_gmt":"2019-03-24T19:08:06","guid":{"rendered":"https:\/\/comunicatur.info\/?p=13551"},"modified":"2019-03-24T21:08:36","modified_gmt":"2019-03-24T19:08:36","slug":"b-travel-ha-recibido-la-visita-de-mas-de-30-000-personas","status":"publish","type":"post","link":"https:\/\/www.comunicatur.info\/es\/b-travel-ha-recibido-la-visita-de-mas-de-30-000-personas\/","title":{"rendered":"B-Travel ha recibido la visita de m\u00e1s de 30.000 personas"},"content":{"rendered":"<p>La edici\u00f3n 2019 de B-Travel ha cerrado sus puertas al p\u00fablico en Barcelona con un resultado positivo. Para los organizadores el sal\u00f3n se consolida como la referencia ferial del turismo de experiencias.<!--more--><\/p>\n<p><img class=\"alignright size-medium wp-image-13549\" src=\"https:\/\/www.comunicatur.info\/wp-content\/uploads\/2019\/03\/btravel5-300x200.jpg\" alt=\"\" width=\"300\" height=\"200\" srcset=\"https:\/\/www.comunicatur.info\/wp-content\/uploads\/2019\/03\/btravel5-300x200.jpg 300w, https:\/\/www.comunicatur.info\/wp-content\/uploads\/2019\/03\/btravel5-768x512.jpg 768w, https:\/\/www.comunicatur.info\/wp-content\/uploads\/2019\/03\/btravel5-1024x683.jpg 1024w, https:\/\/www.comunicatur.info\/wp-content\/uploads\/2019\/03\/btravel5-600x400.jpg 600w\" sizes=\"(max-width: 300px) 100vw, 300px\" \/>30.000 visitantes han recorrido durante los tres d\u00f3as de feria los estands de los 200 expositores que representaban a m\u00e1s de mil empresas del sector, todas las comunidades aut\u00f3nomas espa\u00f1olas y 40 destinos internacionales.<\/p>\n<p>B-Travel ha despertado el inter\u00e9s de los viajeros catalanes que han podido acceder a las mejores ofertas y promociones para organizar sus pr\u00f3ximas vacaciones. Los destinos de proximidad dentro de Catalu\u00f1a, Andaluc\u00eda y Canarias han suscitado un gran inter\u00e9s entre los visitantes mientras que, a nivel internacional, han sido muy demandados pa\u00edses europeos como Italia, Francia o Polonia, novedad de esta edici\u00f3n, y destinos m\u00e1s ex\u00f3ticos como Camboya, China, Indonesia y los pa\u00edses del \u00c1frica subsahariana.<\/p>\n<p>El espacio B-Delicious ha sido una de las \u00e1reas m\u00e1s concurridas. Han servido m\u00e1s de 40.000 degustaciones de m\u00e1s de 100 tapas procedentes de la gastronom\u00eda de todo el mundo.<\/p>\n<p>La vertiente profesional de B-Travel ha adquirido un mayor protagonismo en esta edici\u00f3n con varias actividades, que han congregado a m\u00e1s de 1.000 profesionales. Como balance final, la directora de B-Travel, Marta Serra ha comentado que \u00abla mayor\u00eda de los expositores nos han transmitido su intenci\u00f3n de seguir apostando por B-Travel como la gran plataforma de viajes para el mercado catal\u00e1n\u00bb.<\/p>\n","protected":false},"excerpt":{"rendered":"<p>La edici\u00f3n 2019 de B-Travel ha cerrado sus puertas al p\u00fablico en Barcelona con un resultado positivo. Para los organizadores el sal\u00f3n se consolida como la referencia ferial del turismo de experiencias. 30.000 visitantes han recorrido durante los tres d\u00f3as de feria los estands de los 200 expositores que representaban a m\u00e1s de mil empresas &hellip;<\/p>\n","protected":false},"author":408,"featured_media":0,"comment_status":"closed","ping_status":"open","sticky":false,"template":"","format":"standard","meta":[],"categories":[63],"tags":[],"_links":{"self":[{"href":"https:\/\/www.comunicatur.info\/es\/wp-json\/wp\/v2\/posts\/13551"}],"collection":[{"href":"https:\/\/www.comunicatur.info\/es\/wp-json\/wp\/v2\/posts"}],"about":[{"href":"https:\/\/www.comunicatur.info\/es\/wp-json\/wp\/v2\/types\/post"}],"author":[{"embeddable":true,"href":"https:\/\/www.comunicatur.info\/es\/wp-json\/wp\/v2\/users\/408"}],"replies":[{"embeddable":true,"href":"https:\/\/www.comunicatur.info\/es\/wp-json\/wp\/v2\/comments?post=13551"}],"version-history":[{"count":1,"href":"https:\/\/www.comunicatur.info\/es\/wp-json\/wp\/v2\/posts\/13551\/revisions"}],"predecessor-version":[{"id":13552,"href":"https:\/\/www.comunicatur.info\/es\/wp-json\/wp\/v2\/posts\/13551\/revisions\/13552"}],"wp:attachment":[{"href":"https:\/\/www.comunicatur.info\/es\/wp-json\/wp\/v2\/media?parent=13551"}],"wp:term":[{"taxonomy":"category","embeddable":true,"href":"https:\/\/www.comunicatur.info\/es\/wp-json\/wp\/v2\/categories?post=13551"},{"taxonomy":"post_tag","embeddable":true,"href":"https:\/\/www.comunicatur.info\/es\/wp-json\/wp\/v2\/tags?post=13551"}],"curies":[{"name":"wp","href":"https:\/\/api.w.org\/{rel}","templated":true}]}}