{"id":13433,"date":"2019-03-04T00:00:47","date_gmt":"2019-03-03T22:00:47","guid":{"rendered":"https:\/\/comunicatur.info\/?p=13433"},"modified":"2019-03-01T17:41:04","modified_gmt":"2019-03-01T15:41:04","slug":"como-ha-comenzado-el-ano-para-los-alojamientos-turisticos","status":"publish","type":"post","link":"https:\/\/www.comunicatur.info\/es\/como-ha-comenzado-el-ano-para-los-alojamientos-turisticos\/","title":{"rendered":"\u00bfC\u00f3mo ha comenzado el a\u00f1o para los alojamientos tur\u00edsticos?"},"content":{"rendered":"<p>Los establecimientos hoteleros catalanes han tenido un 3,5% m\u00e1s de clientes y un incremento interanual del 5,6% de las pernoctaciones durante el primer mes del a\u00f1o. Los establecimientos catalanes han alcanzado una ocupaci\u00f3n media del 52,3% de las habitaciones, 2,8 puntos porcentuales m\u00e1s que en enero de 2018 (49,5%)<!--more--><\/p>\n<p><img class=\"alignright size-medium wp-image-11501\" src=\"https:\/\/www.comunicatur.info\/wp-content\/uploads\/2018\/01\/HotelNH-300x160.jpg\" alt=\"\" width=\"300\" height=\"160\" srcset=\"https:\/\/www.comunicatur.info\/wp-content\/uploads\/2018\/01\/HotelNH-300x160.jpg 300w, https:\/\/www.comunicatur.info\/wp-content\/uploads\/2018\/01\/HotelNH-768x410.jpg 768w, https:\/\/www.comunicatur.info\/wp-content\/uploads\/2018\/01\/HotelNH.jpg 1024w, https:\/\/www.comunicatur.info\/wp-content\/uploads\/2018\/01\/HotelNH-600x320.jpg 600w\" sizes=\"(max-width: 300px) 100vw, 300px\" \/>En hoteles se ha detectado un descenso importante de la afluencia de turistas y de pernoctaciones de visitantes espa\u00f1oles, con ca\u00eddas del -9,5% y del -8% respectivamente. A pesar de esta brusca desaceleraci\u00f3n, los hoteles han compensado y mejorado sus resultados de enero, respecto al a\u00f1o anterior, con el turismo interno catal\u00e1n y el extranjero.<\/p>\n<p>La estancia media de los turistas alojados en hoteles ha sido de 2,3 pernoctaciones. La facturaci\u00f3n media de los hoteles catalanes se eleva a 88,2 euros por habitaci\u00f3n ocupada, un 6,9% m\u00e1s que un a\u00f1o atr\u00e1s, y 45,6 euros por habitaci\u00f3n disponible, con un ascenso interanual del 11,5%.<\/p>\n<p><img class=\"alignright size-medium wp-image-11096\" src=\"https:\/\/www.comunicatur.info\/wp-content\/uploads\/2017\/11\/casarural-300x225.jpg\" alt=\"\" width=\"300\" height=\"225\" srcset=\"https:\/\/www.comunicatur.info\/wp-content\/uploads\/2017\/11\/casarural-300x225.jpg 300w, https:\/\/www.comunicatur.info\/wp-content\/uploads\/2017\/11\/casarural-768x575.jpg 768w, https:\/\/www.comunicatur.info\/wp-content\/uploads\/2017\/11\/casarural-1024x766.jpg 1024w, https:\/\/www.comunicatur.info\/wp-content\/uploads\/2017\/11\/casarural-600x449.jpg 600w\" sizes=\"(max-width: 300px) 100vw, 300px\" \/>En cuanto a los alojamientos extrahoteleros catalanes los resultados globales han sido de estancamiento. El n\u00famero de clientes en campings, casas rurales y apartamentos pr\u00e1cticamente ha sido el mismo que el de hace un a\u00f1o, pero las pernoctaciones han ca\u00eddo el 0,4%. La estancia media se eleva a 3,6 pernoctaciones por viajero, similar a la de un a\u00f1o atr\u00e1s.<\/p>\n<p>Los campings (-3,1%) y el turismo rural (-2,5%) son los que m\u00e1s han ca\u00eddo y los apartamentos tur\u00edsticos han incrementado en n\u00famero de clientes (+ 4,4%)<\/p>\n","protected":false},"excerpt":{"rendered":"<p>Los establecimientos hoteleros catalanes han tenido un 3,5% m\u00e1s de clientes y un incremento interanual del 5,6% de las pernoctaciones durante el primer mes del a\u00f1o. Los establecimientos catalanes han alcanzado una ocupaci\u00f3n media del 52,3% de las habitaciones, 2,8 puntos porcentuales m\u00e1s que en enero de 2018 (49,5%) En hoteles se ha detectado un &hellip;<\/p>\n","protected":false},"author":408,"featured_media":0,"comment_status":"closed","ping_status":"open","sticky":false,"template":"","format":"standard","meta":[],"categories":[74],"tags":[],"_links":{"self":[{"href":"https:\/\/www.comunicatur.info\/es\/wp-json\/wp\/v2\/posts\/13433"}],"collection":[{"href":"https:\/\/www.comunicatur.info\/es\/wp-json\/wp\/v2\/posts"}],"about":[{"href":"https:\/\/www.comunicatur.info\/es\/wp-json\/wp\/v2\/types\/post"}],"author":[{"embeddable":true,"href":"https:\/\/www.comunicatur.info\/es\/wp-json\/wp\/v2\/users\/408"}],"replies":[{"embeddable":true,"href":"https:\/\/www.comunicatur.info\/es\/wp-json\/wp\/v2\/comments?post=13433"}],"version-history":[{"count":1,"href":"https:\/\/www.comunicatur.info\/es\/wp-json\/wp\/v2\/posts\/13433\/revisions"}],"predecessor-version":[{"id":13434,"href":"https:\/\/www.comunicatur.info\/es\/wp-json\/wp\/v2\/posts\/13433\/revisions\/13434"}],"wp:attachment":[{"href":"https:\/\/www.comunicatur.info\/es\/wp-json\/wp\/v2\/media?parent=13433"}],"wp:term":[{"taxonomy":"category","embeddable":true,"href":"https:\/\/www.comunicatur.info\/es\/wp-json\/wp\/v2\/categories?post=13433"},{"taxonomy":"post_tag","embeddable":true,"href":"https:\/\/www.comunicatur.info\/es\/wp-json\/wp\/v2\/tags?post=13433"}],"curies":[{"name":"wp","href":"https:\/\/api.w.org\/{rel}","templated":true}]}}