{"id":13343,"date":"2019-02-11T00:00:38","date_gmt":"2019-02-10T22:00:38","guid":{"rendered":"https:\/\/comunicatur.info\/?p=13343"},"modified":"2019-02-07T12:12:33","modified_gmt":"2019-02-07T10:12:33","slug":"atrapalo-explota-su-big-data-para-conocer-tendencias-y-comportamientos","status":"publish","type":"post","link":"https:\/\/www.comunicatur.info\/es\/atrapalo-explota-su-big-data-para-conocer-tendencias-y-comportamientos\/","title":{"rendered":"Atr\u00e1palo explota su big data para conocer tendencias y comportamientos"},"content":{"rendered":"<p>Los clientes valoran en un alojamiento, por encima de todo, la disponibilidad de conexi\u00f3n wifi, s\u00e1banas de algod\u00f3n y colch\u00f3n de calidad; as\u00ed como la posibilidad de hacer <em>late check out<\/em>. Otros factores de inter\u00e9s para los usuarios es que ofrezcan desayunos de calidad, aparcamiento, piscina o sol\u00e1rium; <em>amenities<\/em>, luminosidad, el tama\u00f1o de la habitaci\u00f3n y la ubicaci\u00f3n.<!--more--><\/p>\n<p><img class=\"alignright size-medium wp-image-13340\" src=\"https:\/\/www.comunicatur.info\/wp-content\/uploads\/2019\/02\/atrapalo-300x152.jpg\" alt=\"\" width=\"300\" height=\"152\" srcset=\"https:\/\/www.comunicatur.info\/wp-content\/uploads\/2019\/02\/atrapalo-300x152.jpg 300w, https:\/\/www.comunicatur.info\/wp-content\/uploads\/2019\/02\/atrapalo-768x390.jpg 768w, https:\/\/www.comunicatur.info\/wp-content\/uploads\/2019\/02\/atrapalo-1024x520.jpg 1024w, https:\/\/www.comunicatur.info\/wp-content\/uploads\/2019\/02\/atrapalo-600x305.jpg 600w, https:\/\/www.comunicatur.info\/wp-content\/uploads\/2019\/02\/atrapalo.jpg 1875w\" sizes=\"(max-width: 300px) 100vw, 300px\" \/>El portal de venta online de viajes, Atr\u00e1palo, ha presentado su \u201c<a href=\"https:\/\/www.atrapalo.com\/promo\/fitur-2019\/?utm_source=MailInforme&amp;utm_medium=notadeprensa&amp;utm_campaign=Fitur2019#home\" target=\"_blank\" rel=\"noopener\">Estudio de H\u00e1bitos y Tendencias del Turismo<\/a>\u201d resultante del an\u00e1lisis del <em>big data<\/em> de las reservas de productos vacacionales, actividades y restaurantes efectuadas a lo largo de 2018 por sus clientes. En el mismo trabajo incluye la tendencia en la venta de reservas del \u00faltimo semestre del a\u00f1o pasado.<\/p>\n<p>El portal ha explicado que, para el turismo de escapada, considerado como el que se realiza durante pocos d\u00edas en destinos cercanos al lugar de residencia, la reserva media se mantiene en dos noches y el precio medio es de 145,49 \u20ac por estancia, 60,51 \u20ac menos que la cifra registrada en 2017. Las provincias m\u00e1s demandadas para una escapada tur\u00edstica fueron Huesca, Girona y Navarra.<\/p>\n<p>En el caso del turismo urbano, tanto por motivaci\u00f3n de ocio o de negocios, se ha destinado una media de 191,63 \u20ac para dos noches de alojamiento. Las ciudades con mayor n\u00famero de reservas fueron Madrid \u2013que se posiciona en el n\u00famero uno\u2013, Barcelona, Sevilla, Valencia y M\u00e1laga, \u00e9sta \u00faltima ha sido la urbe con mayor precio medio por pernoctaci\u00f3n, con 119,81 \u20ac.<\/p>\n<p>Y las tendencias tur\u00edsticas para 2019 en el <em>City Break<\/em> nacional destacan Madrid, Barcelona, Zaragoza, Gij\u00f3n, Almer\u00eda, Vitoria, Las Palmas de Gran Canaria, M\u00e1laga, Cartagena y San Sebasti\u00e1n. A nivel internacional los destinos europeos que estar\u00e1n en auge durante 2019 entre los usuarios espa\u00f1oles de este portal ser\u00e1n Puglia (Italia), Islas Feroes (Dinamarca), La Cueva de los Dragones (Eslovenia), la isla de Fol\u00e9gandros (Grecia), Minsk (Bielorrusia), Rotterdam (Pa\u00edses Bajos), Zadar (Croacia) y Peli\u00f3n (Grecia). En lo que respecta a larga distancia destacan destinos como Sri Lanka, Egipto, Bielorrusia, Per\u00fa, M\u00e9xico, Rep\u00fablica de Serbia, Zimbabue, Israel, Senegal y Jordania.<\/p>\n<p>Un 43% de las reservas de las actividades internacionales que realizan los viajeros se efect\u00faan en los 10 \u00faltimos d\u00edas antes de la fecha de salida.<\/p>\n<p>El estudio tambi\u00e9n hace hincapi\u00e9 en el turismo de playa, uno de los productos m\u00e1s vendidos en Atr\u00e1palo, donde el n\u00famero medio de noches se ha situado en cinco y el precio medio ha sido de 603,39 \u20ac. Gran Canaria encabeza el ranking \u2013con un promedio de siete noches y un gasto medio de 778,2 \u20ac\u2013, seguido de la Costa del Sol (M\u00e1laga), Lanzarote, Mallorca, Ibiza, Costa Blanca, Costa Azahar, Costa Dorada, Costa C\u00e1lida y Costa de Almer\u00eda.<\/p>\n<p>Atr\u00e1palo ha facilitado el detalle de todos los destinos y el por qu\u00e9 son tendencia <a href=\"https:\/\/www.atrapalo.com\/promo\/fitur-2019\/?utm_source=MailInforme&amp;utm_medium=notadeprensa&amp;utm_campaign=Fitur2019\" target=\"_blank\" rel=\"noopener\">aqu\u00ed<\/a>.<\/p>\n","protected":false},"excerpt":{"rendered":"<p>Los clientes valoran en un alojamiento, por encima de todo, la disponibilidad de conexi\u00f3n wifi, s\u00e1banas de algod\u00f3n y colch\u00f3n de calidad; as\u00ed como la posibilidad de hacer late check out. Otros factores de inter\u00e9s para los usuarios es que ofrezcan desayunos de calidad, aparcamiento, piscina o sol\u00e1rium; amenities, luminosidad, el tama\u00f1o de la habitaci\u00f3n &hellip;<\/p>\n","protected":false},"author":408,"featured_media":0,"comment_status":"closed","ping_status":"open","sticky":false,"template":"","format":"standard","meta":[],"categories":[66],"tags":[],"_links":{"self":[{"href":"https:\/\/www.comunicatur.info\/es\/wp-json\/wp\/v2\/posts\/13343"}],"collection":[{"href":"https:\/\/www.comunicatur.info\/es\/wp-json\/wp\/v2\/posts"}],"about":[{"href":"https:\/\/www.comunicatur.info\/es\/wp-json\/wp\/v2\/types\/post"}],"author":[{"embeddable":true,"href":"https:\/\/www.comunicatur.info\/es\/wp-json\/wp\/v2\/users\/408"}],"replies":[{"embeddable":true,"href":"https:\/\/www.comunicatur.info\/es\/wp-json\/wp\/v2\/comments?post=13343"}],"version-history":[{"count":1,"href":"https:\/\/www.comunicatur.info\/es\/wp-json\/wp\/v2\/posts\/13343\/revisions"}],"predecessor-version":[{"id":13344,"href":"https:\/\/www.comunicatur.info\/es\/wp-json\/wp\/v2\/posts\/13343\/revisions\/13344"}],"wp:attachment":[{"href":"https:\/\/www.comunicatur.info\/es\/wp-json\/wp\/v2\/media?parent=13343"}],"wp:term":[{"taxonomy":"category","embeddable":true,"href":"https:\/\/www.comunicatur.info\/es\/wp-json\/wp\/v2\/categories?post=13343"},{"taxonomy":"post_tag","embeddable":true,"href":"https:\/\/www.comunicatur.info\/es\/wp-json\/wp\/v2\/tags?post=13343"}],"curies":[{"name":"wp","href":"https:\/\/api.w.org\/{rel}","templated":true}]}}