{"id":13335,"date":"2019-02-08T00:00:59","date_gmt":"2019-02-07T22:00:59","guid":{"rendered":"https:\/\/comunicatur.info\/?p=13335"},"modified":"2019-02-07T11:18:52","modified_gmt":"2019-02-07T09:18:52","slug":"el-turismo-uno-de-los-pilares-de-la-candidatura-de-ramon-masia-la-presidencia-de-la-cambra-de-barcelona","status":"publish","type":"post","link":"https:\/\/www.comunicatur.info\/es\/el-turismo-uno-de-los-pilares-de-la-candidatura-de-ramon-masia-la-presidencia-de-la-cambra-de-barcelona\/","title":{"rendered":"El turismo, uno de los pilares de la candidatura de Ramon Masi\u00e0 a la presidencia de la Cambra de Barcelona"},"content":{"rendered":"<p>Las elecciones a les 13 C\u00e1maras de Comercio de Catalu\u00f1a ya se han convocado y se realizar\u00e1n entre el 2 y el 8 de mayo. De entre todas las c\u00e1maras, la m\u00e1s importante cuantitativamente i porque representa hasta a un 75% de la econom\u00eda real de Catalu\u00f1a es la Cambra Oficial de Comercio, Industria, Servicios y Navegaci\u00f3n de Barcelona.<!--more--><\/p>\n<p><img class=\"alignright size-medium wp-image-13332\" src=\"https:\/\/www.comunicatur.info\/wp-content\/uploads\/2019\/02\/Equip-Ramon-Masia-CambraBCN-300x225.jpg\" alt=\"\" width=\"300\" height=\"225\" srcset=\"https:\/\/www.comunicatur.info\/wp-content\/uploads\/2019\/02\/Equip-Ramon-Masia-CambraBCN-300x225.jpg 300w, https:\/\/www.comunicatur.info\/wp-content\/uploads\/2019\/02\/Equip-Ramon-Masia-CambraBCN-768x576.jpg 768w, https:\/\/www.comunicatur.info\/wp-content\/uploads\/2019\/02\/Equip-Ramon-Masia-CambraBCN-1024x768.jpg 1024w, https:\/\/www.comunicatur.info\/wp-content\/uploads\/2019\/02\/Equip-Ramon-Masia-CambraBCN-600x450.jpg 600w, https:\/\/www.comunicatur.info\/wp-content\/uploads\/2019\/02\/Equip-Ramon-Masia-CambraBCN.jpg 1280w\" sizes=\"(max-width: 300px) 100vw, 300px\" \/>De las cuatro candidaturas existentes actualmente es la de <strong>Ramon Masi\u00e0<\/strong> la que est\u00e1 trabajando desde hace ya un a\u00f1o para conseguir la presidencia y la que ha aglutinado un importante equipo de trabajo. La candidatura, que se presenta con el lema de <strong><em>Anem per feina!<\/em><\/strong> tiene en el turismo uno de sus pilares fundamentales y por ello parte de su equipo tur\u00edstico se acaba de presentar. Adem\u00e1s de Ramon Masi\u00e0, la presentaci\u00f3n ha ido a cargo de <strong>Rosa Mart\u00edn<\/strong> para el sector de las agencias de viajes, <strong>Santiago Soteras<\/strong>, que es miembro del comit\u00e9 ejecutivo de Turisme de Barcelona y representa el sector de la restauraci\u00f3n y bares y <strong>Roberto Torregrosa,<\/strong> que representa el sector hotelero, ya que es Director General de Guitart Hotels y presidente de la Asociaci\u00f3n Catalana de Profesionales del Turismo.<\/p>\n<p>La candidatura cree que la Cambra es un \u00f3rgano con una gran capacidad de influencia, con un fuerte tejido empresarial y muy transversal. El 90% de la Cambra lo forman aut\u00f3nomos y microempresas.<\/p>\n<p><strong>Los principales puntos de la candidatura hacia el turismo son los siguientes: <\/strong><\/p>\n<ul>\n<li><strong>Creaci\u00f3n de un Cl\u00faster de Turismo de car\u00e1cter transversal<\/strong> que dise\u00f1e un nuevo modelo tur\u00edstico para la ciudad. Se precisa un trabajo conjunto entre los diferentes actores del turismo, las administraciones y la ciudadan\u00eda.<br \/>\n&#8211; <strong>El presidente de la Cambra ha de ser tambi\u00e9n el presidente de Turisme de Barcelona. <\/strong>Creen que se han de aprovechas mucho m\u00e1s las sinergias de la Cambra y Turisme de Barcelona.<br \/>\n&#8211; Se ha de primar la promoci\u00f3n del turismo de calidad.<br \/>\n&#8211; Hace falta esponjar el foco de atracci\u00f3n tur\u00edstica.<br \/>\n&#8211; La tasa tur\u00edstica ha de revertir en las ciudades y en la ciudadan\u00eda.<br \/>\n&#8211; Es necesario desestacionalizar las visitas a la ciudad, promoviendo eventos como grandes exposiciones, escapadas invernales, fiestas de Navidad, de oto\u00f1o, etc. adem\u00e1s del tema de los congresos y ferias.<br \/>\n&#8211; Reforzar la seguridad ciudadana.<br \/>\n&#8211; <strong>Realizar pedagog\u00eda tur\u00edstica<\/strong> para que los ciudadanos sean conscientes que el turismo y su crecimiento revierte en la riqueza y desarrollo econ\u00f3mico de la ciudad. Incluso apuntaron a que se deber\u00eda ense\u00f1ar lo que es y lo que representa este sector en la escuela.<br \/>\n&#8211; La gente se carga el turismo muy f\u00e1cilmente, cuando es una fuente de riqueza importante. Lo que se precisa es gestionar mejor, no prohibir y hablar con conocimiento de causa. <em>\u201cSi decimos que los cruceros son altamente contaminantes no se est\u00e1 diciendo la verdad. Siempre que se habla de turismo se habla en negativo y eso no puede ser.\u201d<br \/>\n<\/em><strong>&#8211; El PEUAT (Plan Especial Urban\u00edstico de Alojamientos Tur\u00edsticos) es un desastre. <\/strong>No se pueden poner palos a las ruedas de la iniciativa de los empresarios. Al contrario, se les ha de estimular para que sigan invirtiendo y apostando por a ciudad.<br \/>\n&#8211; <strong>Barcelona es global y tenemos una serie de ciudadanos barceloneses de otros or\u00edgenes<\/strong>, como marroqu\u00eds, chinos, hind\u00fas, pakistan\u00edes o latinoamericanos que llevan ya varias generaciones aqu\u00ed y que pueden ayudar mucho a traer turismo de sus pa\u00edses de origen si se les abren las puertas del trabajo en com\u00fan. Ponen de ejemplo las diferentes comunidades que dan mucha fuerza a ciudades como Londres o Par\u00eds. Para todos ellos, <strong>la candidatura ha creado un programa denominado C\u2019MON.<\/strong><br \/>\n&#8211; Las palabras clave de la candidatura son: <strong>Transparencia, Rigor, Poner Orden, Inclusi\u00f3n.<\/strong><\/li>\n<\/ul>\n<p><strong>Reforma de Turisme de Barcelona<\/strong><br \/>\nTanto Ramon Masi\u00e0 como Santiago Soteras forman parte del Comit\u00e9 Ejecutivo de Turisme de Barcelona. No reh\u00fayen los \u00e9xitos y buen trabajo hecho por el consorcio tur\u00edstico, que consideran que ha tenido un modelo p\u00fablico-privado ejemplar, pero creen que el modelo todav\u00eda cuelga del \u00e9xito de los Juegos Ol\u00edmpicos y hay que mirar hacia adelante buscando nuevas formas de trabajar. El estancamiento de Barcelona es un hecho y es preciso enderezar las formas de hacer las cosas.<\/p>\n<p>Consideran que <strong>Barcelona debe ser la Gran Barcelona<\/strong>, ya que no tiene sentido la ciudad sin su \u00e1rea metropolitana. Recordaron que el aeropuerto se encuentra en el Prat, la feria en l\u2019Hospitalet, el puerto tambi\u00e9n comprende una parte del t\u00e9rmino municipal del Prat. Por ello <strong>ven indispensable que el presidente de la Cambra sea el presidente de Turismo de Barcelona.<\/strong><br \/>\n&#8211; <strong>La Generalitat y la Diputaci\u00f3n tendr\u00edan que formar parte del comit\u00e9 ejecutivo de Turisme de Barcelona<\/strong>, dejando de lado el tema de los porcentajes de representatividad. Se trata de sumar y abrir la instituci\u00f3n a entidades que la puedan hacer crecer.<br \/>\n-A pesar de ello<strong>, la gesti\u00f3n de la entidad ha de seguir siendo privada<\/strong>, <em>\u201cporque el sector privado generalmente gestiona mejor que el p\u00fablico.\u201d<br \/>\n&#8211; <\/em>La Cambra es el lugar ideal para llevar a t\u00e9rmino todo este proyecto, porque son empresarios <em>\u201cno hay un protagonismo pol\u00edtico, la Cambra da servicio a las empresas y con ellas podemos conseguir que determinados eventos vengan a Barcelona.\u201d<\/em> El turismo es mucho m\u00e1s que lo que solemos entender con este nombre. <em>\u201cHay un 36% de gente que vuelve a Barcelona y esta gente tambi\u00e9n acaba comprando un piso, poniendo un negocio o siendo buenos prescriptores de la ciudad.\u201d<\/em><\/p>\n<p><strong>Divorcio entre la Cambra y la sociedad<\/strong><br \/>\nA nivel m\u00e1s global, la candidatura <strong><em>Anem per feina!<\/em><\/strong> tambi\u00e9n quiere un cambio radical en la Cambra <em>\u201chay un divorcio entre la Cambra y la sociedad\u201d<\/em>. Est\u00e1 malograda financieramente desde que no es obligaci\u00f3n pagar las cuotas. Pero la gente no conoce los servicios que la Cambra ofrece<em>. \u201cLos aut\u00f3nomos, por ejemplo, no saben que la Cambra tambi\u00e9n es para ellos.\u201d <\/em>Recuerdan que <em>\u201ctodas las empresas, tanto personas f\u00edsicas como jur\u00eddicas, con actividad econ\u00f3mica, pueden votar en las elecciones a la Cambra\u201d.<br \/>\n<\/em><br \/>\nTambi\u00e9n creen que <strong>la Cambra ha dejado de la mano sus delegaciones<\/strong> y s\u00f3lo tiene ojos para Barcelona ciudad. La candidatura quiere reforzar las delegaciones que existen en Igualada, Vilafranca del Pened\u00e8s, Vilanova i la Geltr\u00fa, Sant Feliu de Llobregat, Viladecans, Matar\u00f3, Granollers, Mollet del Vall\u00e8s, Vic, Berga, Badalona y Hospitalet de Llobregat. La idea es dotarlas de m\u00e1s autonom\u00eda, ya que la descentralizaci\u00f3n permitir\u00eda agilizar y ser m\u00e1s eficientes. <em>\u201cPor ejemplo, de las 400.000 empresas que se encuentran bajo el abrigo de la Cambra de Comer\u00e7 de Barcelona, 12.100 son osonencas. Esta cifra sit\u00faa la comarca de Osona por encima de otras c\u00e1maras catalanas, como la de T\u00e1rrega o Valls.\u201d <\/em>Con el planteamiento m\u00e1s descentralizador de Masi\u00e0, el n\u00famero de c\u00e1maras pasar\u00eda de las 13 actuales a 21, en una <em>\u201cperfecta coordinaci\u00f3n con la c\u00e1mara madre\u201d<\/em>, seg\u00fan el candidato.<\/p>\n<p>Otro punto importante es que la Cambra de Barcelona pueda estar en los \u00f3rganos decisorios de <strong>la futura C\u00e1mara de Comercio Europea<\/strong>, una c\u00e1mara que se est\u00e1 impulsando desde diversas instituciones para fomentarla interacci\u00f3n de las empresas de ciudades diferentes.<\/p>\n<p>En definitiva, la candidatura de Ramon Masi\u00e0 tiene un plan de Trabajo de once puntos a desarrollar en el periodo 2018-2022.<\/p>\n<p><strong><img class=\"size-medium wp-image-13333 alignleft\" src=\"https:\/\/www.comunicatur.info\/wp-content\/uploads\/2019\/02\/Ramon-Masi\u00e0-279x300.jpg\" alt=\"\" width=\"279\" height=\"300\" srcset=\"https:\/\/www.comunicatur.info\/wp-content\/uploads\/2019\/02\/Ramon-Masi\u00e0-279x300.jpg 279w, https:\/\/www.comunicatur.info\/wp-content\/uploads\/2019\/02\/Ramon-Masi\u00e0-768x827.jpg 768w, https:\/\/www.comunicatur.info\/wp-content\/uploads\/2019\/02\/Ramon-Masi\u00e0-951x1024.jpg 951w, https:\/\/www.comunicatur.info\/wp-content\/uploads\/2019\/02\/Ramon-Masi\u00e0-600x646.jpg 600w\" sizes=\"(max-width: 279px) 100vw, 279px\" \/>Ramon Masi\u00e0<\/strong> es Licenciado en Derecho y en Ciencias Econ\u00f3micas por la Universidad de Barcelona y es administrador de la empresa Serviaux 2014 SLU. Es miembro del Pleno de la Cambra desde el 2002, del Comit\u00e9 Ejecutivo de Turisme de Barcelona i Vicepresidente Ejecutivo de la Fundaci\u00f3n Barcelona Promoci\u00f3.<\/p>\n<p><a href=\"https:\/\/anemperfeina2019.com\/\" target=\"_blank\" rel=\"noopener\"><em>Quiero conocer mejor la candidatura \u00abAnem per feina!\u00bb<\/em><\/a><\/p>\n","protected":false},"excerpt":{"rendered":"<p>Las elecciones a les 13 C\u00e1maras de Comercio de Catalu\u00f1a ya se han convocado y se realizar\u00e1n entre el 2 y el 8 de mayo. De entre todas las c\u00e1maras, la m\u00e1s importante cuantitativamente i porque representa hasta a un 75% de la econom\u00eda real de Catalu\u00f1a es la Cambra Oficial de Comercio, Industria, Servicios &hellip;<\/p>\n","protected":false},"author":408,"featured_media":0,"comment_status":"closed","ping_status":"open","sticky":false,"template":"","format":"standard","meta":[],"categories":[61],"tags":[],"_links":{"self":[{"href":"https:\/\/www.comunicatur.info\/es\/wp-json\/wp\/v2\/posts\/13335"}],"collection":[{"href":"https:\/\/www.comunicatur.info\/es\/wp-json\/wp\/v2\/posts"}],"about":[{"href":"https:\/\/www.comunicatur.info\/es\/wp-json\/wp\/v2\/types\/post"}],"author":[{"embeddable":true,"href":"https:\/\/www.comunicatur.info\/es\/wp-json\/wp\/v2\/users\/408"}],"replies":[{"embeddable":true,"href":"https:\/\/www.comunicatur.info\/es\/wp-json\/wp\/v2\/comments?post=13335"}],"version-history":[{"count":1,"href":"https:\/\/www.comunicatur.info\/es\/wp-json\/wp\/v2\/posts\/13335\/revisions"}],"predecessor-version":[{"id":13336,"href":"https:\/\/www.comunicatur.info\/es\/wp-json\/wp\/v2\/posts\/13335\/revisions\/13336"}],"wp:attachment":[{"href":"https:\/\/www.comunicatur.info\/es\/wp-json\/wp\/v2\/media?parent=13335"}],"wp:term":[{"taxonomy":"category","embeddable":true,"href":"https:\/\/www.comunicatur.info\/es\/wp-json\/wp\/v2\/categories?post=13335"},{"taxonomy":"post_tag","embeddable":true,"href":"https:\/\/www.comunicatur.info\/es\/wp-json\/wp\/v2\/tags?post=13335"}],"curies":[{"name":"wp","href":"https:\/\/api.w.org\/{rel}","templated":true}]}}