{"id":13323,"date":"2019-02-06T00:00:36","date_gmt":"2019-02-05T22:00:36","guid":{"rendered":"https:\/\/comunicatur.info\/?p=13323"},"modified":"2019-02-05T10:59:19","modified_gmt":"2019-02-05T08:59:19","slug":"la-asociacion-catalana-de-profesionales-del-turismo-quiere-tener-representantes-por-toda-cataluna","status":"publish","type":"post","link":"https:\/\/www.comunicatur.info\/es\/la-asociacion-catalana-de-profesionales-del-turismo-quiere-tener-representantes-por-toda-cataluna\/","title":{"rendered":"La Asociaci\u00f3n Catalana de Profesionales del Turismo quiere tener representantes por toda Catalu\u00f1a"},"content":{"rendered":"<p>En el complicado mundo tur\u00edstico catal\u00e1n, con tantos subsectores y peque\u00f1as empresas, no es f\u00e1cil encontrar una asociaci\u00f3n de car\u00e1cter transversal que pueda representarlos a todos. Esto es lo que hace la <strong>Asociaci\u00f3n Catalana de Profesionales del Turismo (ACPT). <\/strong>Comunicatur entrevista a su presidente, <strong>Roberto Torregrosa<\/strong>.<!--more--><\/p>\n<p><strong><em><img class=\"alignright size-medium wp-image-13319\" src=\"https:\/\/www.comunicatur.info\/wp-content\/uploads\/2019\/02\/Roberto_Torregrosa-300x200.jpg\" alt=\"\" width=\"300\" height=\"200\" srcset=\"https:\/\/www.comunicatur.info\/wp-content\/uploads\/2019\/02\/Roberto_Torregrosa-300x200.jpg 300w, https:\/\/www.comunicatur.info\/wp-content\/uploads\/2019\/02\/Roberto_Torregrosa-768x512.jpg 768w, https:\/\/www.comunicatur.info\/wp-content\/uploads\/2019\/02\/Roberto_Torregrosa-1024x683.jpg 1024w, https:\/\/www.comunicatur.info\/wp-content\/uploads\/2019\/02\/Roberto_Torregrosa-600x400.jpg 600w, https:\/\/www.comunicatur.info\/wp-content\/uploads\/2019\/02\/Roberto_Torregrosa.jpg 1642w\" sizes=\"(max-width: 300px) 100vw, 300px\" \/>&#8211; La Asociaci\u00f3n Catalana de Profesionales del Turismo tiene como lema \u201cFem xarxa\u201d (Hagamos red). \u00bfSe ha conseguido realmente esta red? \u00bfEs suficientemente conocida la Asociaci\u00f3n?<\/em><\/strong><br \/>\nEl lema surgi\u00f3 de la necesidad de transmitir por s\u00ed s\u00f3lo el objetivo principal de la Asociaci\u00f3n, el trabajar el <em>networking<\/em> y poner en contacto los diferentes subsectores que componen el mosaico del turismo. La Asociaci\u00f3n va camino de los 20 a\u00f1os, pero hace ya casi 10 que empez\u00f3 una nueva etapa donde se regener\u00f3 la junta directiva, los estatutos y los objetivos, as\u00ed como pr\u00e1cticamente la mayor\u00eda de los asociados. Es en esta segunda etapa de la Asociaci\u00f3n que se trabaja realmente para esta red. Y creo sinceramente que estamos en el camino correcto.<\/p>\n<p><strong><em>&#8211; Usted es tambi\u00e9n director general de Guitart Hoteles. Y supongo que todos los miembros de la junta tienen tambi\u00e9n cargos importantes. \u00bfC\u00f3mo se compatibiliza el trabajo profesional con el trabajo de la Asociaci\u00f3n?<\/em><\/strong><br \/>\nUna asociaci\u00f3n de estas caracter\u00edsticas tira para adelante gracias la compromiso y dedicaci\u00f3n absolutamente desinteresado de aquellos que componemos la junta y de los asociados, sin los cuales ser\u00eda inviable. La dedicaci\u00f3n es la que es y precisamente por ello podemos estar satisfechos del camino recorrido, pero somos realistas respecto a lo que nos queda por hacer. Podr\u00edamos decir que la ACPT es una asociaci\u00f3n que, a pesar de no ser extremadamente conocida, est\u00e1 presente en muchos foros de opini\u00f3n y reflexi\u00f3n del turismo en Catalu\u00f1a y m\u00e1s concretamente, en Barcelona.<\/p>\n<p><strong><em>&#8211; \u00bfQui\u00e9n puede formar parte de la Asociaci\u00f3n?<\/em><\/strong><br \/>\nLa ACPT est\u00e1 abierta a todo aquel profesional del turismo en Catalu\u00f1a, pero tambi\u00e9n es cierto que no delimitamos Catalu\u00f1a geogr\u00e1ficamente, ya que puede haber catalanes fuera de Catalu\u00f1a que pueden estar interesados y no catalanes de todo el estado que pueden interesarse en pertenecer a la Asociaci\u00f3n. Tambi\u00e9n pueden formar parte de la Asociaci\u00f3n empresas cuyo servicio y\/o producto pueden ser de inter\u00e9s de los asociados o un subsector concreto. En estos casos son \u201cmiembros colaboradores\u201d.<\/p>\n<p><strong><em>&#8211; \u00bfCu\u00e1les son los objetivos de la Asociaci\u00f3n?<br \/>\n<\/em><\/strong>El principal es hacer<em> networking<\/em> entre los diferentes subsectores que componen el turismo en Catalu\u00f1a, los cuales tenemos casi todos representados. Adem\u00e1s hay objetivos m\u00e1s pr\u00e1cticos, de fomentar el negocio, de preocuparse y ocuparse de las problem\u00e1ticas que pueda tener un colectivo en un momento dado, como fue, por ejemplo, el de los gu\u00edas profesionales de Barcelona. Y tambi\u00e9n tenemos una funci\u00f3n importante de ser altavoz de aquello que preocupa al sector. En este sentido, organizamos comidas de trabajo, debates y alguna actividad m\u00e1s l\u00fadica para manifestar estas preocupaciones a instituciones y personalidades vinculadas. Hemos organizado debates con los candidatos a concejales de turismo de las elecciones al Ayuntamiento de Barcelona. Somos miembros del Consejo Turismo y Ciudad del Ayuntamiento de Barcelona y colaboramos en estudios relevantes para nuestro sector, como el de \u201cRetos en la formaci\u00f3n universitaria en el \u00e1mbito del turismo\u201d que ha liderado la Agencia para la Calidad del Sistema Universitario de Catalu\u00f1a y que se presentar\u00e1 pr\u00f3ximamente.<\/p>\n<p><strong><em><img class=\"alignright size-medium wp-image-13321\" src=\"https:\/\/www.comunicatur.info\/wp-content\/uploads\/2019\/02\/logo_ACPTnou-300x68.jpg\" alt=\"\" width=\"300\" height=\"68\" srcset=\"https:\/\/www.comunicatur.info\/wp-content\/uploads\/2019\/02\/logo_ACPTnou-300x68.jpg 300w, https:\/\/www.comunicatur.info\/wp-content\/uploads\/2019\/02\/logo_ACPTnou-768x174.jpg 768w, https:\/\/www.comunicatur.info\/wp-content\/uploads\/2019\/02\/logo_ACPTnou-1024x232.jpg 1024w, https:\/\/www.comunicatur.info\/wp-content\/uploads\/2019\/02\/logo_ACPTnou-600x136.jpg 600w, https:\/\/www.comunicatur.info\/wp-content\/uploads\/2019\/02\/logo_ACPTnou.jpg 1149w\" sizes=\"(max-width: 300px) 100vw, 300px\" \/>&#8211; \u00bfY sus objetivos como presidente? \u00bfD\u00f3nde quiere llevar a la ACPT, qu\u00e9 cree que se ha de hacer?<\/em><\/strong><br \/>\nEvidentemente, sin un equipo de trabajo como la junta no podr\u00edamos empujar los objetivos que nos proponemos a\u00f1o tras a\u00f1o; s\u00f3lo tengo palabras de agradecimiento por la labor que hacen. Como presidente los objetivos primordiales son mantener viva la Asociaci\u00f3n, que tenga miembros, que no haya bajas y que demos valor a\u00f1adido y contenido. Quiz\u00e1 hemos de ser m\u00e1s proactivos y dedicar m\u00e1s tiempo a estar presentes en las decisiones que afectan al turismo en Catalu\u00f1a y que la ACPT sea un \u201cimprescindible\u201d a convocar, como una asociaci\u00f3n transversal que somos y que puede dar voz a todos los subsectores.<br \/>\nTenemos una asignatura pendiente y es abrirnos m\u00e1s fuera de Barcelona, tener embajadores en Girona, Tarragona i Lleida, para hacer el efecto de \u201cmancha de aceite\u201d y llegar a cuantos m\u00e1s profesionales, mejor.<\/p>\n<p><strong><em>&#8211; \u00bfQu\u00e9 ventajas comporta ser socio?<\/em><\/strong><br \/>\nDir\u00eda que el principal es entrar en RED, en esta <em>XARXA<\/em> que nos define y tener la posibilidad de relacionarse no s\u00f3lo con tu \u00e1mbito de actuaci\u00f3n espec\u00edfico, sino con el resto de los subsectores del turismo en Catalu\u00f1a. Otros objetivos vinculados a este hecho relacional es hacer negocio, y poder trasladar una preocupaci\u00f3n que individualmente no tendr\u00eda fuerza o capacidad para acceder a las administraciones. Lo que est\u00e1 claro es que la cuota que se paga queda m\u00e1s que amortizada s\u00f3lo con dos de los actos de networking que organizamos a lo largo del a\u00f1o.<\/p>\n<p><strong><em>&#8211; Ahora usted tambi\u00e9n preside, en Catalu\u00f1a, la Asociaci\u00f3n Espa\u00f1ola de Directores de Hotel. \u00bfNo hay demasiadas asociaciones y peque\u00f1os colectivos en el sector y con esta atomizaci\u00f3n se pierde fuerza?<br \/>\n<\/em><\/strong>S\u00ed, soy el presidente de la AEDH en Catalu\u00f1a desde hace casi un a\u00f1o. Esta asociaci\u00f3n, de \u00e1mbito estatal, tiene una gran tradici\u00f3n e historia, pero est\u00e1 en plena reconversi\u00f3n y por ello me propusieron presidirla en Catalu\u00f1a.\u00a0 Quiz\u00e1 s\u00ed que hay demasiadas asociaciones y colectivos peque\u00f1os que dividen la fuerza. Pero es tambi\u00e9n inevitable que los gremios y colectivos que representan sectores concretos quieran tener una herramienta que les pueda representar como tal. Lo que es importante es que ante una situaci\u00f3n concreta seamos capaces de agruparnos y sumar. Tambi\u00e9n hay que remarcar que el asociacionismo hoy en d\u00eda es complicado. En los \u00faltimos a\u00f1os, por la crisis o por otros motivos, hay asociaciones que han desaparecido o que han reducido considerablemente el n\u00famero de asociados. \u00bflos motivos? Pueden ser m\u00faltiples: \u00bfen cu\u00e1ntas asociaciones estoy? \u00bfCu\u00e1l es la cuota? \u00bfCu\u00e1l es la aportaci\u00f3n de valor que me ofrece? Creo que ha quedado claro lo que es la ACPT, lo que aportamos al asociado y la cuota, muy asequible y amortizada desde el primer minuto.<\/p>\n<p><strong><em><br \/>\n<\/em><\/strong>M\u00e1s informaci\u00f3n: <a href=\"http:\/\/www.acpt.cat\/\" target=\"_blank\" rel=\"noopener\"><em>web de la Asociaci\u00f3n Catalana de Profesionales del Turismo<\/em><\/a><\/p>\n","protected":false},"excerpt":{"rendered":"<p>En el complicado mundo tur\u00edstico catal\u00e1n, con tantos subsectores y peque\u00f1as empresas, no es f\u00e1cil encontrar una asociaci\u00f3n de car\u00e1cter transversal que pueda representarlos a todos. Esto es lo que hace la Asociaci\u00f3n Catalana de Profesionales del Turismo (ACPT). Comunicatur entrevista a su presidente, Roberto Torregrosa. &#8211; La Asociaci\u00f3n Catalana de Profesionales del Turismo tiene &hellip;<\/p>\n","protected":false},"author":408,"featured_media":0,"comment_status":"closed","ping_status":"open","sticky":false,"template":"","format":"standard","meta":[],"categories":[61,73],"tags":[],"_links":{"self":[{"href":"https:\/\/www.comunicatur.info\/es\/wp-json\/wp\/v2\/posts\/13323"}],"collection":[{"href":"https:\/\/www.comunicatur.info\/es\/wp-json\/wp\/v2\/posts"}],"about":[{"href":"https:\/\/www.comunicatur.info\/es\/wp-json\/wp\/v2\/types\/post"}],"author":[{"embeddable":true,"href":"https:\/\/www.comunicatur.info\/es\/wp-json\/wp\/v2\/users\/408"}],"replies":[{"embeddable":true,"href":"https:\/\/www.comunicatur.info\/es\/wp-json\/wp\/v2\/comments?post=13323"}],"version-history":[{"count":1,"href":"https:\/\/www.comunicatur.info\/es\/wp-json\/wp\/v2\/posts\/13323\/revisions"}],"predecessor-version":[{"id":13324,"href":"https:\/\/www.comunicatur.info\/es\/wp-json\/wp\/v2\/posts\/13323\/revisions\/13324"}],"wp:attachment":[{"href":"https:\/\/www.comunicatur.info\/es\/wp-json\/wp\/v2\/media?parent=13323"}],"wp:term":[{"taxonomy":"category","embeddable":true,"href":"https:\/\/www.comunicatur.info\/es\/wp-json\/wp\/v2\/categories?post=13323"},{"taxonomy":"post_tag","embeddable":true,"href":"https:\/\/www.comunicatur.info\/es\/wp-json\/wp\/v2\/tags?post=13323"}],"curies":[{"name":"wp","href":"https:\/\/api.w.org\/{rel}","templated":true}]}}