{"id":1330,"date":"2009-05-15T00:00:00","date_gmt":"2009-05-15T00:00:00","guid":{"rendered":"https:\/\/comunicatur.info\/el-prat-ja-te-els-tres-elements-necessaris-per-ser-un-hub-internacional-2\/"},"modified":"2009-05-15T00:00:00","modified_gmt":"2009-05-15T00:00:00","slug":"el-prat-ja-te-els-tres-elements-necessaris-per-ser-un-hub-internacional-2","status":"publish","type":"post","link":"https:\/\/www.comunicatur.info\/es\/el-prat-ja-te-els-tres-elements-necessaris-per-ser-un-hub-internacional-2\/","title":{"rendered":"El Prat ya tiene los tres elementos necesarios por ser un hub internacional"},"content":{"rendered":"<p>El presidente de Spanair, Ferran Soriano, ha afirmado que El Prat cuenta con los tres aspectos necesarios para que el aeropuerto de Barcelona sea un hub de vuelos internacionales: demanda, una infraestructura preparada y una compa\u00f1\u00eda dispuesta a hacerlo, que es Spanair. <\/p>\n<p><\/p>\n<p>En declaraciones a Catalu\u00f1a Radio, Soriano ha comentado que \u201cla aspiraci\u00f3n que tenemos es que El Prat sea realmente un hub\u201d. Spanair todav\u00eda no ha abierto el cap\u00edtulo de los vuelos intercontinentales. La intenci\u00f3n primera es hacer rentable la empresa y despu\u00e9s fijarse en Suram\u00e9rica y Am\u00e9rica del Norte. <\/p>\n<p>Preguntado sobre la propuesta anunciada por el presidente del Gobierno, Jos\u00e9 Lu\u00eds Rodriguez Zapatero, de eliminar las tasas a\u00e9reas (excepto las de navegaci\u00f3n) a las compa\u00f1\u00edas que transporten m\u00e1s pasajeros que el a\u00f1o anterior, Soriano dice que es una medida dif\u00edcil de entender porque las aerol\u00edneas est\u00e1n transportando entre un 20 y un 30% menos. Las afirmaciones de Soriano est\u00e1n en sinton\u00eda con las manifestadas por las asociaciones del transporte a\u00e9reo que han encontrado \u201cconfusa\u201d la propuesta del gobierno y que \u201cno estimula la actividad tur\u00edstica\u201d. Las asociaciones a\u00e9reas dicen que la ca\u00edda de la demanda no prev\u00e9 que las compa\u00f1\u00edas est\u00e9n en condiciones de remontar el tr\u00e1fico y por lo tanto la medida no tendr\u00e1 ning\u00fan efecto positivo. <\/p>\n<p>El presidente de Spanair ha descartado el cambio de nombre de la compa\u00f1\u00eda a medio plazo \u201cporque es un buen nombre\u201d. Soriano se ha felicitado por el \u00e9xito de la campa\u00f1a llevada a cabo para escoger la nueva imagen de la compa\u00f1\u00eda que se ha realizado por votaci\u00f3n popular de clientes y trabajadores con m\u00e1s de 78 mil votaciones. <\/p>\n<p>Por otra parte, Ferran Soriano ha anunciado que pr\u00f3ximamente se completar\u00e1 el equipo directivo de la nueva compa\u00f1\u00eda con el nombramiento del director general. La persona para ocupar el cargo ya est\u00e1 seleccionada y se tratar\u00eda de un profesional extranjero que Soriano ha calificado de \u201ccrack\u201c. La sede social de Spanair ya se ha trasladado de Mallorca a Barcelona y su presidente ha minimizado el efecto que pueda tener sobre la movilidad de la plantilla. <\/p>\n","protected":false},"excerpt":{"rendered":"<p>El presidente de Spanair, Ferran Soriano, ha afirmado que El Prat cuenta con los tres aspectos necesarios para que el aeropuerto de Barcelona sea un hub de vuelos internacionales: demanda, una infraestructura preparada y una compa\u00f1\u00eda dispuesta a hacerlo, que es Spanair. <\/p>\n","protected":false},"author":1,"featured_media":0,"comment_status":"close","ping_status":"open","sticky":false,"template":"","format":"standard","meta":[],"categories":[30],"tags":[],"_links":{"self":[{"href":"https:\/\/www.comunicatur.info\/es\/wp-json\/wp\/v2\/posts\/1330"}],"collection":[{"href":"https:\/\/www.comunicatur.info\/es\/wp-json\/wp\/v2\/posts"}],"about":[{"href":"https:\/\/www.comunicatur.info\/es\/wp-json\/wp\/v2\/types\/post"}],"author":[{"embeddable":true,"href":"https:\/\/www.comunicatur.info\/es\/wp-json\/wp\/v2\/users\/1"}],"replies":[{"embeddable":true,"href":"https:\/\/www.comunicatur.info\/es\/wp-json\/wp\/v2\/comments?post=1330"}],"version-history":[{"count":0,"href":"https:\/\/www.comunicatur.info\/es\/wp-json\/wp\/v2\/posts\/1330\/revisions"}],"wp:attachment":[{"href":"https:\/\/www.comunicatur.info\/es\/wp-json\/wp\/v2\/media?parent=1330"}],"wp:term":[{"taxonomy":"category","embeddable":true,"href":"https:\/\/www.comunicatur.info\/es\/wp-json\/wp\/v2\/categories?post=1330"},{"taxonomy":"post_tag","embeddable":true,"href":"https:\/\/www.comunicatur.info\/es\/wp-json\/wp\/v2\/tags?post=1330"}],"curies":[{"name":"wp","href":"https:\/\/api.w.org\/{rel}","templated":true}]}}