{"id":13261,"date":"2019-01-25T00:00:23","date_gmt":"2019-01-24T22:00:23","guid":{"rendered":"https:\/\/comunicatur.info\/?p=13261"},"modified":"2019-01-24T20:52:58","modified_gmt":"2019-01-24T18:52:58","slug":"bollywood-dispara-los-turistas-indios-en-la-costa-brava-y-barcelona","status":"publish","type":"post","link":"https:\/\/www.comunicatur.info\/es\/bollywood-dispara-los-turistas-indios-en-la-costa-brava-y-barcelona\/","title":{"rendered":"Bollywood dispara los turistas indios en la Costa Brava y Barcelona"},"content":{"rendered":"<p>Una pel\u00edcula protagonizada por las principales estrellas de cine de Bollywood ambientada en la Costa Brava y en Barcelona ha hecho crecer el turismo indio en estos destinos.<!--more--><\/p>\n<p><img class=\"alignright size-medium wp-image-13257\" src=\"https:\/\/www.comunicatur.info\/wp-content\/uploads\/2019\/01\/peli_flamenc2-300x162.jpg\" alt=\"\" width=\"300\" height=\"162\" srcset=\"https:\/\/www.comunicatur.info\/wp-content\/uploads\/2019\/01\/peli_flamenc2-300x162.jpg 300w, https:\/\/www.comunicatur.info\/wp-content\/uploads\/2019\/01\/peli_flamenc2.jpg 453w\" sizes=\"(max-width: 300px) 100vw, 300px\" \/>El film no es nuevo, se rod\u00f3 hace 7 a\u00f1os, pero ha sido todo un \u00e9xito batiendo r\u00e9cords de taquilla. Gracias a la pel\u00edcula se han incrementado las visitas de turistas de ese pa\u00eds a los diferentes lugares de Espa\u00f1a donde transcurre la trama, especialmente en la costa gerundense y en la capital catalana.<\/p>\n<p>Turespa\u00f1a colabor\u00f3 \u200b\u200ben la producci\u00f3n en la que aparecen iconos vinculados a Espa\u00f1a como los sanfermines y el flamenco. La trama la forman tres amigos que viajan por la pen\u00ednsula. Como curiosidad el film, que lleva por t\u00edtulo &#8216;S\u00f3lo se vive una vez&#8217; cuenta con una protagonista barcelonesa, la actriz Ariadna Cabrol que hace de gu\u00eda tur\u00edstica de los tres protagonistas indios.<\/p>\n<p><img class=\"alignright size-medium wp-image-13258\" src=\"https:\/\/www.comunicatur.info\/wp-content\/uploads\/2019\/01\/peli_flamenc-300x155.jpg\" alt=\"\" width=\"300\" height=\"155\" srcset=\"https:\/\/www.comunicatur.info\/wp-content\/uploads\/2019\/01\/peli_flamenc-300x155.jpg 300w, https:\/\/www.comunicatur.info\/wp-content\/uploads\/2019\/01\/peli_flamenc.jpg 477w\" sizes=\"(max-width: 300px) 100vw, 300px\" \/>A pesar del \u00e9xito de la pel\u00edcula el destino sigue siendo un poco desconocido en India. Las estad\u00edsticas de 2017 dicen que Espa\u00f1a s\u00f3lo tramit\u00f3 48.894 visados a turistas indios pero la cifra de llegadas podr\u00eda situarse en 140.000. Las previsiones para los pr\u00f3ximos cuatro o cinco a\u00f1os indican que se podr\u00eda duplicar esta cifra.<\/p>\n","protected":false},"excerpt":{"rendered":"<p>Una pel\u00edcula protagonizada por las principales estrellas de cine de Bollywood ambientada en la Costa Brava y en Barcelona ha hecho crecer el turismo indio en estos destinos. El film no es nuevo, se rod\u00f3 hace 7 a\u00f1os, pero ha sido todo un \u00e9xito batiendo r\u00e9cords de taquilla. Gracias a la pel\u00edcula se han incrementado &hellip;<\/p>\n","protected":false},"author":408,"featured_media":0,"comment_status":"closed","ping_status":"open","sticky":false,"template":"","format":"standard","meta":[],"categories":[],"tags":[],"_links":{"self":[{"href":"https:\/\/www.comunicatur.info\/es\/wp-json\/wp\/v2\/posts\/13261"}],"collection":[{"href":"https:\/\/www.comunicatur.info\/es\/wp-json\/wp\/v2\/posts"}],"about":[{"href":"https:\/\/www.comunicatur.info\/es\/wp-json\/wp\/v2\/types\/post"}],"author":[{"embeddable":true,"href":"https:\/\/www.comunicatur.info\/es\/wp-json\/wp\/v2\/users\/408"}],"replies":[{"embeddable":true,"href":"https:\/\/www.comunicatur.info\/es\/wp-json\/wp\/v2\/comments?post=13261"}],"version-history":[{"count":1,"href":"https:\/\/www.comunicatur.info\/es\/wp-json\/wp\/v2\/posts\/13261\/revisions"}],"predecessor-version":[{"id":13262,"href":"https:\/\/www.comunicatur.info\/es\/wp-json\/wp\/v2\/posts\/13261\/revisions\/13262"}],"wp:attachment":[{"href":"https:\/\/www.comunicatur.info\/es\/wp-json\/wp\/v2\/media?parent=13261"}],"wp:term":[{"taxonomy":"category","embeddable":true,"href":"https:\/\/www.comunicatur.info\/es\/wp-json\/wp\/v2\/categories?post=13261"},{"taxonomy":"post_tag","embeddable":true,"href":"https:\/\/www.comunicatur.info\/es\/wp-json\/wp\/v2\/tags?post=13261"}],"curies":[{"name":"wp","href":"https:\/\/api.w.org\/{rel}","templated":true}]}}