{"id":13246,"date":"2019-01-22T00:00:26","date_gmt":"2019-01-21T22:00:26","guid":{"rendered":"https:\/\/comunicatur.info\/?p=13246"},"modified":"2019-01-21T16:30:35","modified_gmt":"2019-01-21T14:30:35","slug":"preocupacion-de-los-hoteleros-de-la-costa-dorada-por-el-imserso","status":"publish","type":"post","link":"https:\/\/www.comunicatur.info\/es\/preocupacion-de-los-hoteleros-de-la-costa-dorada-por-el-imserso\/","title":{"rendered":"Preocupaci\u00f3n de los hoteleros de la Costa Dorada por el Imserso"},"content":{"rendered":"<p>El sector hotelero de la Costa Dorada central ha manifestado su preocupaci\u00f3n por el rumbo que est\u00e1 tomando la nueva adjudicaci\u00f3n del programa de vacaciones del Imserso en la nueva adjudicaci\u00f3n.<\/p>\n<p><!--more--><img class=\"alignright size-medium wp-image-12688\" src=\"https:\/\/www.comunicatur.info\/wp-content\/uploads\/2018\/09\/imserso-300x199.jpg\" alt=\"\" width=\"300\" height=\"199\" srcset=\"https:\/\/www.comunicatur.info\/wp-content\/uploads\/2018\/09\/imserso-300x199.jpg 300w, https:\/\/www.comunicatur.info\/wp-content\/uploads\/2018\/09\/imserso-768x511.jpg 768w, https:\/\/www.comunicatur.info\/wp-content\/uploads\/2018\/09\/imserso-1024x681.jpg 1024w, https:\/\/www.comunicatur.info\/wp-content\/uploads\/2018\/09\/imserso-600x399.jpg 600w, https:\/\/www.comunicatur.info\/wp-content\/uploads\/2018\/09\/imserso.jpg 1280w\" sizes=\"(max-width: 300px) 100vw, 300px\" \/>\u00abLa dimisi\u00f3n repentina de la actual directora general del Imserso, Carmen Orta, a pocas semanas para que el pliego de condiciones para la adjudicaci\u00f3n del Programa de Vacaciones de Mayores pase por la mesa del Consejo de Ministros para la su publicaci\u00f3n en el BOE \u00ab, es uno de los motivos de preocupaci\u00f3n que alegan los empresarios. El Gobierno ya ha sustituido Orta por Manuel Mart\u00ednez Domene, anterior vice consejero de Igualdad y Pol\u00edticas Sociales de la Junta de Andaluc\u00eda. A pesar del cambio, los hoteleros temen retrasos en la tramitaci\u00f3n del expediente de un programa dirigido a m\u00e1s de 900.000 personas de la tercera edad que pueden optar a los viajes subvencionados para la temporada de invierno.<\/p>\n<p>El presidente de la Asociaci\u00f3n Hotelera Salou-Cambrils-La Pineda, Xavier Roig, que representa a buena parte del sector hotelero de la Costa Dorada central, advirti\u00f3 que \u00abun nuevo retraso en la planificaci\u00f3n y adjudicaci\u00f3n volver\u00eda a ser letal para el sector, si no se pudiera iniciar la comercializaci\u00f3n de los paquetes a principios de mes de septiembre, como se prev\u00e9 \u00ab. Recuerdan que el calendario est\u00e1 muy ajustado entre los plazos de presentaci\u00f3n, adjudicaci\u00f3n, recursos y contra recursos. \u00abNo nos podemos permitir ning\u00fan retraso sobre el planning previsto\u00bb, asegura Roig.<\/p>\n<p>Por otra parte, la Asociaci\u00f3n pide sensibilidad al Gobierno del Estado con las demandas del sector porque \u00ablos hoteleros no nos podemos ver hipotecados por un programa que se extender\u00e1 para 4 a\u00f1os m\u00e1s (2 anualidades iniciales, m\u00e1s 2 anualidades de pr\u00f3rroga) con unos precios que apenas superan los 20 \u20ac por persona y d\u00eda y con alojamiento, pensi\u00f3n completa, vino y agua, animaci\u00f3n, wifi, televisores de plasma y hoteles de \u00faltima generaci\u00f3n\u00bb.<\/p>\n<p>Los hoteleros han visto como la propuesta de Presupuestos Generales del Estado presentados por el Ejecutivo Central \u00abno s\u00f3lo no suponen ning\u00fan incremento de presupuesto para el programa y para esta mejora, sino que se recorta sobre el presupuesto de 2018, lo cual ha generado incredulidad en el sector ante los reiterados compromisos de mejora que han ido exponiendo los diferentes responsables\u00bb, ha declarado.<\/p>\n","protected":false},"excerpt":{"rendered":"<p>El sector hotelero de la Costa Dorada central ha manifestado su preocupaci\u00f3n por el rumbo que est\u00e1 tomando la nueva adjudicaci\u00f3n del programa de vacaciones del Imserso en la nueva adjudicaci\u00f3n. \u00abLa dimisi\u00f3n repentina de la actual directora general del Imserso, Carmen Orta, a pocas semanas para que el pliego de condiciones para la adjudicaci\u00f3n &hellip;<\/p>\n","protected":false},"author":408,"featured_media":0,"comment_status":"closed","ping_status":"open","sticky":false,"template":"","format":"standard","meta":[],"categories":[59],"tags":[],"_links":{"self":[{"href":"https:\/\/www.comunicatur.info\/es\/wp-json\/wp\/v2\/posts\/13246"}],"collection":[{"href":"https:\/\/www.comunicatur.info\/es\/wp-json\/wp\/v2\/posts"}],"about":[{"href":"https:\/\/www.comunicatur.info\/es\/wp-json\/wp\/v2\/types\/post"}],"author":[{"embeddable":true,"href":"https:\/\/www.comunicatur.info\/es\/wp-json\/wp\/v2\/users\/408"}],"replies":[{"embeddable":true,"href":"https:\/\/www.comunicatur.info\/es\/wp-json\/wp\/v2\/comments?post=13246"}],"version-history":[{"count":1,"href":"https:\/\/www.comunicatur.info\/es\/wp-json\/wp\/v2\/posts\/13246\/revisions"}],"predecessor-version":[{"id":13247,"href":"https:\/\/www.comunicatur.info\/es\/wp-json\/wp\/v2\/posts\/13246\/revisions\/13247"}],"wp:attachment":[{"href":"https:\/\/www.comunicatur.info\/es\/wp-json\/wp\/v2\/media?parent=13246"}],"wp:term":[{"taxonomy":"category","embeddable":true,"href":"https:\/\/www.comunicatur.info\/es\/wp-json\/wp\/v2\/categories?post=13246"},{"taxonomy":"post_tag","embeddable":true,"href":"https:\/\/www.comunicatur.info\/es\/wp-json\/wp\/v2\/tags?post=13246"}],"curies":[{"name":"wp","href":"https:\/\/api.w.org\/{rel}","templated":true}]}}