{"id":13236,"date":"2019-01-21T00:00:24","date_gmt":"2019-01-20T22:00:24","guid":{"rendered":"https:\/\/comunicatur.info\/?p=13236"},"modified":"2019-01-20T14:38:04","modified_gmt":"2019-01-20T12:38:04","slug":"fitur-continua-con-su-especializacion-y-amenaza-la-ibtm-de-barcelona","status":"publish","type":"post","link":"https:\/\/www.comunicatur.info\/es\/fitur-continua-con-su-especializacion-y-amenaza-la-ibtm-de-barcelona\/","title":{"rendered":"FITUR contin\u00faa con su especializaci\u00f3n y amenaza a la IBTM de Barcelona?"},"content":{"rendered":"<p>Un a\u00f1o m\u00e1s comienza en el recinto de IFEMA en Madrid, FITUR, la Feria Internacional de Turismo m\u00e1s importante de Espa\u00f1a y una de las principales del sector en Europa. Y un a\u00f1o m\u00e1s presenta algunas novedades interesantes. Fiel a la trayectoria de los \u00faltimos a\u00f1os, en los que la especializaci\u00f3n ha sido una caracter\u00edstica destacada, este a\u00f1o encontramos una nueva secci\u00f3n, <strong>FITUR MITM \u2013 MICE<\/strong>, que para muchos es una OPA frontal a la IBTM WORLD de Barcelona.<!--more--><\/p>\n<p><img class=\"alignright size-medium wp-image-11218\" src=\"https:\/\/www.comunicatur.info\/wp-content\/uploads\/2017\/11\/fira_Mice_ibtm-225x300.jpg\" alt=\"\" width=\"225\" height=\"300\" srcset=\"https:\/\/www.comunicatur.info\/wp-content\/uploads\/2017\/11\/fira_Mice_ibtm-225x300.jpg 225w, https:\/\/www.comunicatur.info\/wp-content\/uploads\/2017\/11\/fira_Mice_ibtm-768x1024.jpg 768w, https:\/\/www.comunicatur.info\/wp-content\/uploads\/2017\/11\/fira_Mice_ibtm-600x800.jpg 600w, https:\/\/www.comunicatur.info\/wp-content\/uploads\/2017\/11\/fira_Mice_ibtm.jpg 900w\" sizes=\"(max-width: 225px) 100vw, 225px\" \/>Y es que la feria de Madrid pretende ampliar las oportunidades de negocio del turismo de incentivos, reuniones y <em>business travel<\/em> con una agenda de citas entre expositores y directivos internacionales que ellos mismos definen como \u201cde alta cualificaci\u00f3n\u201d. Al mismo tiempo se anuncian \u201cencuentros B2B\u201d en el que destaca el <strong>Workshop Hosted Buyer<\/strong>, en el que se cree que van a tener lugar unas 6.000 citas entre 110 compradores internacionales de 38 pa\u00edses, invitados por Fitur y 350 expositores y co-expositores participantes. En total, por lo tanto, la feria estima que se llevar\u00e1n a cabo m\u00e1s de 7.000 encuentros de negocio en este foro.<\/p>\n<p>Este es uno de los motivos que puede hacer sonar la alarma en los responsables de la IBTM, ya que el programa de Hosted Buyers de la feria de Barcelona, una de las m\u00e1s importantes del mundo en su sector, ha sido siempre un \u00e9xito. Y a nadie se le escapa que Barcelona ha tenido problemas para retener la IBTM, dado que diversas ciudades europeas aspiran a tenerla en un futuro muy cercano y la organizaci\u00f3n corre a cargo de la empresa internacional <strong>Reed Travel Exhibitions.<\/strong> Pero quiz\u00e1 tambi\u00e9n por ello, puede desarrollarse una peque\u00f1a guerra de empresas organizadoras, ya que FITUR MITM \u2013 MICE cuenta con la colaboraci\u00f3n de la empresa madrile\u00f1a <strong>GSAR Marketing<\/strong>, que entre otras ferias organiza la MITM Americas y la MITM Euromed.<\/p>\n<p><strong>El cine, producto tur\u00edstico<\/strong><br \/>\n<img class=\"alignright size-medium wp-image-8303\" src=\"https:\/\/www.comunicatur.info\/wp-content\/uploads\/2014\/01\/jocdetrons-300x169.jpg\" alt=\"\" width=\"300\" height=\"169\" srcset=\"https:\/\/www.comunicatur.info\/wp-content\/uploads\/2014\/01\/jocdetrons-300x169.jpg 300w, https:\/\/www.comunicatur.info\/wp-content\/uploads\/2014\/01\/jocdetrons.jpg 326w\" sizes=\"(max-width: 300px) 100vw, 300px\" \/>Otra nueva secci\u00f3n monogr\u00e1fica de FITUR est\u00e1 dedicada a lo que se denomina el <strong><em>Screentourism<\/em><\/strong>, o lo que es lo mismo, el turismo de cine, que poco a poco ha ido generando un gran inter\u00e9s entre el p\u00fablico, como se ha demostrado con los escenarios de pel\u00edculas como <em>El Se\u00f1or de los Anillos<\/em> o de series como <em>Juego de Tronos.<\/em><\/p>\n<p><strong>FITUR CINE<\/strong> contar\u00e1 con un espacio propio en el Pabell\u00f3n 2 y se realizar\u00e1n diversas mesas redondas sobre el tema con expertos de pa\u00edses como Nueva Zelanda, Nuevo M\u00e9xico (EE. UU.), Gran Breta\u00f1a, Rep\u00fablica Checa e Irlanda. FITUR CINE se ha organizado juntamente con la <strong>Spain Film Commission<\/strong> y diferentes entidades parecidas de diversas comunidades aut\u00f3nomas y ciudades espa\u00f1olas.<\/p>\n<p><img class=\"alignright size-medium wp-image-13233\" src=\"https:\/\/www.comunicatur.info\/wp-content\/uploads\/2019\/01\/fitur_musica-300x300.jpg\" alt=\"\" width=\"300\" height=\"300\" srcset=\"https:\/\/www.comunicatur.info\/wp-content\/uploads\/2019\/01\/fitur_musica-300x300.jpg 300w, https:\/\/www.comunicatur.info\/wp-content\/uploads\/2019\/01\/fitur_musica-150x150.jpg 150w, https:\/\/www.comunicatur.info\/wp-content\/uploads\/2019\/01\/fitur_musica-768x768.jpg 768w, https:\/\/www.comunicatur.info\/wp-content\/uploads\/2019\/01\/fitur_musica-1024x1024.jpg 1024w, https:\/\/www.comunicatur.info\/wp-content\/uploads\/2019\/01\/fitur_musica-600x600.jpg 600w, https:\/\/www.comunicatur.info\/wp-content\/uploads\/2019\/01\/fitur_musica.jpg 1200w\" sizes=\"(max-width: 300px) 100vw, 300px\" \/>Otra apuesta es la de <strong>FITUR ES M\u00daSICA<\/strong>, que nace en el marco de <strong>FITUR FESTIVALES,<\/strong> otra secci\u00f3n monogr\u00e1fica de la feria de turismo. Se trata de una producci\u00f3n musical propia de IFEMA-FITUR que llevar\u00e1 la m\u00fasica urbana y alternativa al Pabell\u00f3n 1 de la Feria de Madrid el viernes 25 y el s\u00e1bado 26 de enero. Pero es un festival de pago, a un precio de 28 \u20ac y con entrada totalmente independiente de la de la feria.<\/p>\n<p><strong>OBSERVATORIO FITUR NEXT.<\/strong> Otra de las novedades de este a\u00f1o. Se trata de un proyecto que pretende identificar las tendencias de futuro y proyectar las pautas que generen impacto positivo en los diferentes \u00e1mbitos en los que el turismo est\u00e1 presente para mejorar la calidad de la actividad tur\u00edstica. Este observatorio realizar\u00e1 un trabajo de investigaci\u00f3n que durar\u00e1 tres a\u00f1os.<\/p>\n<p><img class=\"alignright size-medium wp-image-13232\" src=\"https:\/\/www.comunicatur.info\/wp-content\/uploads\/2019\/01\/Fitur2019-300x188.jpg\" alt=\"\" width=\"300\" height=\"188\" srcset=\"https:\/\/www.comunicatur.info\/wp-content\/uploads\/2019\/01\/Fitur2019-300x188.jpg 300w, https:\/\/www.comunicatur.info\/wp-content\/uploads\/2019\/01\/Fitur2019-768x482.jpg 768w, https:\/\/www.comunicatur.info\/wp-content\/uploads\/2019\/01\/Fitur2019-1024x642.jpg 1024w, https:\/\/www.comunicatur.info\/wp-content\/uploads\/2019\/01\/Fitur2019-600x376.jpg 600w\" sizes=\"(max-width: 300px) 100vw, 300px\" \/>Por lo dem\u00e1s, la feria aporta otras cosas interesantes, que se van consolidando a\u00f1o tras a\u00f1o, como <strong>FITUR KNOW-HOW &amp; EXPORT<\/strong>. Este a\u00f1o, <strong>SegitturLab<\/strong> ofrecer\u00e1 diez talleres pr\u00e1cticos para emprendedores y profesionales tur\u00edsticos, en los que la inteligencia tur\u00edstica y los destinos tur\u00edsticos inteligentes acaparar\u00e1n la atenci\u00f3n. El espacio contar\u00e1 con 40 empresas expositoras con soluciones innovadoras para el turismo en todos sus \u00e1mbitos: gesti\u00f3n hotelera, consultor\u00eda estrat\u00e9gica, promoci\u00f3n, comercializaci\u00f3n, nuevos productos y servicios, etc. Es de destacar que se simular\u00e1 un destino tur\u00edstico inteligente en el que las tecnolog\u00edas ligadas a la transformaci\u00f3n digital ser\u00e1n las protagonistas. Adem\u00e1s, en esta secci\u00f3n se entregar\u00e1n los VI premios a las mejores aplicaciones tur\u00edsticas, <strong>The AppTourism Awards<\/strong> en el que se han presentado 50 aplicaciones.<\/p>\n<p>Siguiendo con este tema, el <strong>Instituto Tecnol\u00f3gico Hotelero<\/strong> y <strong>FiturtechY 2019<\/strong> presentar\u00e1n en el pabell\u00f3n 10 cuatro foros simult\u00e1neos especializados en destinos tur\u00edsticos #<strong>techYdestino; <\/strong>las tendencias del futuro en el sector tur\u00edstico,\u00a0<strong>#techYfuturo;\u00a0<\/strong>la gesti\u00f3n del negocio, #techYnegocio, y la sostenibilidad,\u00a0#<strong>techYsostenibilidad,\u00a0<\/strong>con la tecnolog\u00eda como hilo conductor. Tambi\u00e9n se presentar\u00e1 el espacio\u00a0<strong>#techYhotel, en que los profesionales\u00a0<\/strong>podr\u00e1n ver y experimentar el uso e implementaci\u00f3n de nuevas tecnolog\u00edas y herramientas innovadoras en el entorno de un hotel.<\/p>\n<p><img class=\"alignright size-medium wp-image-13234\" src=\"https:\/\/www.comunicatur.info\/wp-content\/uploads\/2019\/01\/Fitur-2019-bil-300x141.jpg\" alt=\"\" width=\"300\" height=\"141\" srcset=\"https:\/\/www.comunicatur.info\/wp-content\/uploads\/2019\/01\/Fitur-2019-bil-300x141.jpg 300w, https:\/\/www.comunicatur.info\/wp-content\/uploads\/2019\/01\/Fitur-2019-bil-768x360.jpg 768w, https:\/\/www.comunicatur.info\/wp-content\/uploads\/2019\/01\/Fitur-2019-bil-1024x481.jpg 1024w, https:\/\/www.comunicatur.info\/wp-content\/uploads\/2019\/01\/Fitur-2019-bil-600x282.jpg 600w, https:\/\/www.comunicatur.info\/wp-content\/uploads\/2019\/01\/Fitur-2019-bil.jpg 1123w\" sizes=\"(max-width: 300px) 100vw, 300px\" \/>FITUR 2019 contar\u00e1 adem\u00e1s con espacios monogr\u00e1ficos\u00a0ya consolidados, de gran desarrollo y volumen de negocio, como son <strong>FITUR GAY (LGBT+)<\/strong> y\u00a0<strong>FITUR SALUD<\/strong>. Menos consolidado pero cada vez con m\u00e1s atenci\u00f3n sigue <strong>FITUR SHOPPING<\/strong>. Y es que Ifema y Fitur han encontrado en la especializaci\u00f3n un lugar para muchas empresas y organismos que quiz\u00e1 no pod\u00edan estar presentes en la feria tradicional, pero este modelo tambi\u00e9n ha ocasionado una cierta protesta de pa\u00edses y organizaciones que deben multiplicar sus esfuerzos para estar presentes en cada uno de estos espacios monogr\u00e1ficos, a la par que la enormidad expositiva limita las opciones profesionales.<\/p>\n<p>Fitur arranca con optimismo moderado, un crecimiento del 8,3%, 886 expositores titulares y m\u00e1s de 10.487 empresas de 165 pa\u00edses y regiones, creciendo un 11% la presencia internacional que ya alcanza el 55% de la cuota total de participaci\u00f3n. Ser\u00e1 la \u00faltima edici\u00f3n dirigida por <strong>Ana Larra\u00f1aga<\/strong>, que despu\u00e9s de muchos a\u00f1os y una gran labor ceder\u00e1 la direcci\u00f3n de Fitur a <strong>Mar\u00eda Valcarce, <\/strong>que ingres\u00f3 en Ifema en 1988 y ha dirigido ya diversas ferias en la instituci\u00f3n madrile\u00f1a. Por su parte Ana Larra\u00f1aga pasa a ser directora de negocio ferial de Ifema.<\/p>\n<p>Como es habitual, Fitur se celebra en el recinto de Ifema, <strong>del<\/strong> <strong>23 al 26 de enero<\/strong>.<\/p>\n<p><a href=\"http:\/\/www.ifema.es\/fitur_01\/\" target=\"_blank\" rel=\"noopener\"><em>M\u00e1s informaci\u00f3n en la web de Fitur<\/em><\/a><\/p>\n","protected":false},"excerpt":{"rendered":"<p>Un a\u00f1o m\u00e1s comienza en el recinto de IFEMA en Madrid, FITUR, la Feria Internacional de Turismo m\u00e1s importante de Espa\u00f1a y una de las principales del sector en Europa. Y un a\u00f1o m\u00e1s presenta algunas novedades interesantes. Fiel a la trayectoria de los \u00faltimos a\u00f1os, en los que la especializaci\u00f3n ha sido una caracter\u00edstica &hellip;<\/p>\n","protected":false},"author":408,"featured_media":0,"comment_status":"closed","ping_status":"open","sticky":false,"template":"","format":"standard","meta":[],"categories":[63],"tags":[],"_links":{"self":[{"href":"https:\/\/www.comunicatur.info\/es\/wp-json\/wp\/v2\/posts\/13236"}],"collection":[{"href":"https:\/\/www.comunicatur.info\/es\/wp-json\/wp\/v2\/posts"}],"about":[{"href":"https:\/\/www.comunicatur.info\/es\/wp-json\/wp\/v2\/types\/post"}],"author":[{"embeddable":true,"href":"https:\/\/www.comunicatur.info\/es\/wp-json\/wp\/v2\/users\/408"}],"replies":[{"embeddable":true,"href":"https:\/\/www.comunicatur.info\/es\/wp-json\/wp\/v2\/comments?post=13236"}],"version-history":[{"count":3,"href":"https:\/\/www.comunicatur.info\/es\/wp-json\/wp\/v2\/posts\/13236\/revisions"}],"predecessor-version":[{"id":13240,"href":"https:\/\/www.comunicatur.info\/es\/wp-json\/wp\/v2\/posts\/13236\/revisions\/13240"}],"wp:attachment":[{"href":"https:\/\/www.comunicatur.info\/es\/wp-json\/wp\/v2\/media?parent=13236"}],"wp:term":[{"taxonomy":"category","embeddable":true,"href":"https:\/\/www.comunicatur.info\/es\/wp-json\/wp\/v2\/categories?post=13236"},{"taxonomy":"post_tag","embeddable":true,"href":"https:\/\/www.comunicatur.info\/es\/wp-json\/wp\/v2\/tags?post=13236"}],"curies":[{"name":"wp","href":"https:\/\/api.w.org\/{rel}","templated":true}]}}