{"id":13186,"date":"2019-01-07T00:00:40","date_gmt":"2019-01-06T22:00:40","guid":{"rendered":"https:\/\/comunicatur.info\/?p=13186"},"modified":"2019-01-06T14:23:37","modified_gmt":"2019-01-06T12:23:37","slug":"los-retos-e-incertidumbres-globales-para-el-2019","status":"publish","type":"post","link":"https:\/\/www.comunicatur.info\/es\/los-retos-e-incertidumbres-globales-para-el-2019\/","title":{"rendered":"Los retos e incertidumbres globales para el 2019"},"content":{"rendered":"<p>Empieza el a\u00f1o con inc\u00f3gnitas, nuevas tendencias, acontecimientos y preocupaciones que configuran un 2019 repleto de retos e incertidumbres.<\/p>\n<p><!--more--><img class=\"alignright size-medium wp-image-8673\" src=\"https:\/\/www.comunicatur.info\/wp-content\/uploads\/2014\/01\/brexit-300x156.jpg\" alt=\"\" width=\"300\" height=\"156\" srcset=\"https:\/\/www.comunicatur.info\/wp-content\/uploads\/2014\/01\/brexit-300x156.jpg 300w, https:\/\/www.comunicatur.info\/wp-content\/uploads\/2014\/01\/brexit.jpg 311w\" sizes=\"(max-width: 300px) 100vw, 300px\" \/>Entramos en el a\u00f1o en que Instagram se comer\u00e1 buena parte del liderazgo de Facebook. <a href=\"https:\/\/www.comunicatur.info\/es\/abta-prepara-sus-agencias-asociadas-ante-un-posible-brexit-sin-acuerdo\/\" target=\"_blank\" rel=\"noopener noreferrer\">En el que el Brexit, con acuerdo o sin \u00e9l, afectar\u00e1 a la relaci\u00f3n comercial entre Europa y el Reino Unido<\/a> dondela vertiente tur\u00edstica tendr\u00e1 un peso espec\u00edfico espectacular. Grandes turoperadores, compa\u00f1\u00edas a\u00e9reas, flujo de turistas (emisores y receptores) etc. impactar\u00e1n de lleno sobre la econom\u00eda.<\/p>\n<p><img class=\"alignright size-medium wp-image-12868\" src=\"https:\/\/www.comunicatur.info\/wp-content\/uploads\/2018\/10\/Iphone-300x202.jpg\" alt=\"\" width=\"300\" height=\"202\" srcset=\"https:\/\/www.comunicatur.info\/wp-content\/uploads\/2018\/10\/Iphone-300x202.jpg 300w, https:\/\/www.comunicatur.info\/wp-content\/uploads\/2018\/10\/Iphone-768x518.jpg 768w, https:\/\/www.comunicatur.info\/wp-content\/uploads\/2018\/10\/Iphone-1024x691.jpg 1024w, https:\/\/www.comunicatur.info\/wp-content\/uploads\/2018\/10\/Iphone-600x405.jpg 600w, https:\/\/www.comunicatur.info\/wp-content\/uploads\/2018\/10\/Iphone.jpg 1270w\" sizes=\"(max-width: 300px) 100vw, 300px\" \/>Pero a nivel global se prev\u00e9 una desaceleraci\u00f3n econ\u00f3mica fruto de la guerra comercial entre las principales potencias mundiales. Est\u00e1 por ver si la ralentizaci\u00f3n no pasa a crisis y c\u00f3mo afectar\u00eda sobre el turismo y los viajes.<\/p>\n<p>Lo que s\u00ed est\u00e1 claro es que nuestro presente y a\u00fan m\u00e1s el futuro es digital. El sector est\u00e1 obligado a adaptarse s\u00ed o s\u00ed a la venta online con una adaptaci\u00f3n de precios, a la especializaci\u00f3n en el producto para clientes concretos, a la relaci\u00f3n personal con estos clientes con soluciones tambi\u00e9n digitales, a las herramientas como los \u2018bots\u2019\u2026<\/p>\n<p><img class=\"alignright size-full wp-image-5368\" src=\"https:\/\/www.comunicatur.info\/wp-content\/uploads\/2014\/01\/bitcoin.jpg\" alt=\"\" width=\"260\" height=\"146\" \/>Dando un paso m\u00e1s en este entorno digital, durante este 2019 se prev\u00e9 la irrupci\u00f3n de la criptomoneda. A\u00fan parece temprano para pensar que supongan una substituci\u00f3n a las monedas tradicionales porque generan ciertas dudas sobre las garant\u00edas que ofrecen. Pero s\u00ed ser\u00e1n un medio de intercambio a tener en cuenta como f\u00f3rmula de pago de servicios.<\/p>\n<p><img class=\"alignright size-medium wp-image-13181\" src=\"https:\/\/www.comunicatur.info\/wp-content\/uploads\/2019\/01\/avioelectrichibrideasyjet-300x169.png\" alt=\"\" width=\"300\" height=\"169\" srcset=\"https:\/\/www.comunicatur.info\/wp-content\/uploads\/2019\/01\/avioelectrichibrideasyjet-300x169.png 300w, https:\/\/www.comunicatur.info\/wp-content\/uploads\/2019\/01\/avioelectrichibrideasyjet-600x339.png 600w, https:\/\/www.comunicatur.info\/wp-content\/uploads\/2019\/01\/avioelectrichibrideasyjet.png 670w\" sizes=\"(max-width: 300px) 100vw, 300px\" \/>Otro aspecto sobre el que el a\u00f1o que se inicia vivir\u00e1 un nuevo impulso es el desarrollo de las energ\u00edas alternativas al combustible f\u00f3sil en la movilidad. El cambio clim\u00e1tico obliga a buscar soluciones. El turismo mundial va creciendo y los viajes, cada vez m\u00e1s numerosos, impactan directamente sobre el planeta. Los veh\u00edculos h\u00edbridos y el\u00e9ctricos son una realidad y poco a poco se impondr\u00e1n en el transporte de pasajeros (ferroviarios, de carretera y tambi\u00e9n a\u00e9reo)<\/p>\n","protected":false},"excerpt":{"rendered":"<p>Empieza el a\u00f1o con inc\u00f3gnitas, nuevas tendencias, acontecimientos y preocupaciones que configuran un 2019 repleto de retos e incertidumbres. Entramos en el a\u00f1o en que Instagram se comer\u00e1 buena parte del liderazgo de Facebook. En el que el Brexit, con acuerdo o sin \u00e9l, afectar\u00e1 a la relaci\u00f3n comercial entre Europa y el Reino Unido &hellip;<\/p>\n","protected":false},"author":408,"featured_media":0,"comment_status":"closed","ping_status":"open","sticky":false,"template":"","format":"standard","meta":[],"categories":[73],"tags":[],"_links":{"self":[{"href":"https:\/\/www.comunicatur.info\/es\/wp-json\/wp\/v2\/posts\/13186"}],"collection":[{"href":"https:\/\/www.comunicatur.info\/es\/wp-json\/wp\/v2\/posts"}],"about":[{"href":"https:\/\/www.comunicatur.info\/es\/wp-json\/wp\/v2\/types\/post"}],"author":[{"embeddable":true,"href":"https:\/\/www.comunicatur.info\/es\/wp-json\/wp\/v2\/users\/408"}],"replies":[{"embeddable":true,"href":"https:\/\/www.comunicatur.info\/es\/wp-json\/wp\/v2\/comments?post=13186"}],"version-history":[{"count":1,"href":"https:\/\/www.comunicatur.info\/es\/wp-json\/wp\/v2\/posts\/13186\/revisions"}],"predecessor-version":[{"id":13187,"href":"https:\/\/www.comunicatur.info\/es\/wp-json\/wp\/v2\/posts\/13186\/revisions\/13187"}],"wp:attachment":[{"href":"https:\/\/www.comunicatur.info\/es\/wp-json\/wp\/v2\/media?parent=13186"}],"wp:term":[{"taxonomy":"category","embeddable":true,"href":"https:\/\/www.comunicatur.info\/es\/wp-json\/wp\/v2\/categories?post=13186"},{"taxonomy":"post_tag","embeddable":true,"href":"https:\/\/www.comunicatur.info\/es\/wp-json\/wp\/v2\/tags?post=13186"}],"curies":[{"name":"wp","href":"https:\/\/api.w.org\/{rel}","templated":true}]}}