{"id":13106,"date":"2019-01-02T00:00:59","date_gmt":"2019-01-01T22:00:59","guid":{"rendered":"https:\/\/comunicatur.info\/?p=13106"},"modified":"2018-12-18T10:51:43","modified_gmt":"2018-12-18T08:51:43","slug":"desorden-y-pobre-promocion-de-la-oferta-de-nieve-catalana","status":"publish","type":"post","link":"https:\/\/www.comunicatur.info\/es\/desorden-y-pobre-promocion-de-la-oferta-de-nieve-catalana\/","title":{"rendered":"Desorden y pobre promoci\u00f3n de la oferta de nieve catalana"},"content":{"rendered":"<p>Esta temporada se ha visto poca iniciativa conjunta de las estaciones de esqu\u00ed de Catalu\u00f1a. Pr\u00e1cticamente no hay ninguna <strong>informaci\u00f3n en la web de la Asociaci\u00f3n Catalana de Estaciones de Esqu\u00ed y Actividades de Monta\u00f1a (ACEM)<\/strong>, <a href=\"http:\/\/www.catneu.cat\" target=\"_blank\" rel=\"noopener\">www.catneu.cat <\/a>donde no encontramos nada sobre las novedades de esta temporada ni de los precios y s\u00f3lo hay una peque\u00f1a informaci\u00f3n del estado de la nieve realizado con un Excel.<!--more--><\/p>\n<p><img class=\"alignleft size-medium wp-image-11377\" src=\"https:\/\/www.comunicatur.info\/wp-content\/uploads\/2017\/12\/SKITREN-Neu-300x169.jpg\" alt=\"\" width=\"300\" height=\"169\" srcset=\"https:\/\/www.comunicatur.info\/wp-content\/uploads\/2017\/12\/SKITREN-Neu-300x169.jpg 300w, https:\/\/www.comunicatur.info\/wp-content\/uploads\/2017\/12\/SKITREN-Neu-768x432.jpg 768w, https:\/\/www.comunicatur.info\/wp-content\/uploads\/2017\/12\/SKITREN-Neu-600x338.jpg 600w, https:\/\/www.comunicatur.info\/wp-content\/uploads\/2017\/12\/SKITREN-Neu.jpg 832w\" sizes=\"(max-width: 300px) 100vw, 300px\" \/>Lo mismo podr\u00edamos decir de la web de la <strong>Federaci\u00f3n Catalana de Deportes de Invierno<\/strong>, <a href=\"http:\/\/www.fceh.cat\" target=\"_blank\" rel=\"noopener\">www.fceh.cat<\/a>. As\u00ed los esquiadores y aficionados a la monta\u00f1a han de ir navegando por las webs de cada estaci\u00f3n para tener informaci\u00f3n de la presente temporada.<\/p>\n<p>Todo esto contrasta con el hecho que los Ferrocarriles de la Generalitat de Catalu\u00f1a (FGC) s\u00ed que presentaron, el 15 de noviembre, las principales novedades de las estaciones de FGC: La Molina, Vallter 2000, Vall de N\u00faria, Espot y Port Ain\u00e9 y por ello a\u00fan es m\u00e1s extra\u00f1o que toda esta informaci\u00f3n no est\u00e9 subida en las p\u00e1ginas web mencionadas anteriormente. En cambio s\u00ed la encontramos en la web de la <a href=\"http:\/\/www.atudem.es\/20181119\/estaciones-fgc-han-presentado-15-noviembre-principales-novedades-temporada-2018-2019.aspx\" target=\"_blank\" rel=\"noopener\">Asociaci\u00f3n de Estaciones de Esqu\u00ed y Monta\u00f1a de Espa\u00f1a, ATUDEM<\/a>, que tambi\u00e9n tiene publicadas otras noticias de las estaciones de Catalu\u00f1a, como el hecho que <strong>Boi Ta\u00fcll fue galardonada como la mejor estaci\u00f3n de esqu\u00ed de Espa\u00f1a<\/strong> en los World Ski Awards 2018, la \u00fanica iniciativa mundial que reconoce la excelencia en la industria del turismo de nieve. Precisamente <a href=\"https:\/\/www.comunicatur.info\/es\/nuevo-rescate-de-urgencia-de-la-generalitat-para-salvar-boi-taull\/\" target=\"_blank\" rel=\"noopener noreferrer\">esta estaci\u00f3n tambi\u00e9n ha sido noticia porque la Generalitat ha tenido que hacerse cargo de su gesti\u00f3n<\/a> debido a que en el mes de noviembre la empresa que la gestionaba renunci\u00f3 unilateralmente a su contrato de alquiler y a la prestaci\u00f3n de servicios.<\/p>\n<p><img class=\"alignleft size-medium wp-image-5300\" src=\"https:\/\/www.comunicatur.info\/wp-content\/uploads\/2014\/01\/sochi2014-300x172.jpg\" alt=\"\" width=\"300\" height=\"172\" srcset=\"https:\/\/www.comunicatur.info\/wp-content\/uploads\/2014\/01\/sochi2014-300x172.jpg 300w, https:\/\/www.comunicatur.info\/wp-content\/uploads\/2014\/01\/sochi2014.jpg 415w\" sizes=\"(max-width: 300px) 100vw, 300px\" \/>El problema de nuestras estaciones es a\u00fan m\u00e1s grave si pensamos en <a href=\"https:\/\/www.comunicatur.info\/es\/les-neiges-catalanes-francesas-entran-competir-por-el-mismo-cliente-que-las-estaciones-de-esqui-de-cataluna\/\" target=\"_blank\" rel=\"noopener noreferrer\">la promoci\u00f3n de Les Neiges Catalanes<\/a>, pero lo mismo podr\u00edamos decir de la oferta del otro gran competidor de nuestras estaciones: Andorra. Sin duda nos falta mucho camino por recorrer y m\u00e1s teniendo <a href=\"https:\/\/www.comunicatur.info\/es\/la-precandidatura-pirineos-barcelona-2030-pasa-un-primer-filtro\/\">en el horizonte la candidatura ol\u00edmpica Pirineos-Barcelona para los juegos de invierno de 2030.<\/a><\/p>\n","protected":false},"excerpt":{"rendered":"<p>Esta temporada se ha visto poca iniciativa conjunta de las estaciones de esqu\u00ed de Catalu\u00f1a. Pr\u00e1cticamente no hay ninguna informaci\u00f3n en la web de la Asociaci\u00f3n Catalana de Estaciones de Esqu\u00ed y Actividades de Monta\u00f1a (ACEM), www.catneu.cat donde no encontramos nada sobre las novedades de esta temporada ni de los precios y s\u00f3lo hay una &hellip;<\/p>\n","protected":false},"author":408,"featured_media":0,"comment_status":"closed","ping_status":"open","sticky":false,"template":"","format":"standard","meta":[],"categories":[62],"tags":[],"_links":{"self":[{"href":"https:\/\/www.comunicatur.info\/es\/wp-json\/wp\/v2\/posts\/13106"}],"collection":[{"href":"https:\/\/www.comunicatur.info\/es\/wp-json\/wp\/v2\/posts"}],"about":[{"href":"https:\/\/www.comunicatur.info\/es\/wp-json\/wp\/v2\/types\/post"}],"author":[{"embeddable":true,"href":"https:\/\/www.comunicatur.info\/es\/wp-json\/wp\/v2\/users\/408"}],"replies":[{"embeddable":true,"href":"https:\/\/www.comunicatur.info\/es\/wp-json\/wp\/v2\/comments?post=13106"}],"version-history":[{"count":1,"href":"https:\/\/www.comunicatur.info\/es\/wp-json\/wp\/v2\/posts\/13106\/revisions"}],"predecessor-version":[{"id":13107,"href":"https:\/\/www.comunicatur.info\/es\/wp-json\/wp\/v2\/posts\/13106\/revisions\/13107"}],"wp:attachment":[{"href":"https:\/\/www.comunicatur.info\/es\/wp-json\/wp\/v2\/media?parent=13106"}],"wp:term":[{"taxonomy":"category","embeddable":true,"href":"https:\/\/www.comunicatur.info\/es\/wp-json\/wp\/v2\/categories?post=13106"},{"taxonomy":"post_tag","embeddable":true,"href":"https:\/\/www.comunicatur.info\/es\/wp-json\/wp\/v2\/tags?post=13106"}],"curies":[{"name":"wp","href":"https:\/\/api.w.org\/{rel}","templated":true}]}}