{"id":12898,"date":"2018-11-12T00:00:55","date_gmt":"2018-11-11T22:00:55","guid":{"rendered":"https:\/\/comunicatur.info\/?p=12898"},"modified":"2018-11-08T14:12:19","modified_gmt":"2018-11-08T12:12:19","slug":"el-bergueda-y-torroella-lestartit-illes-medes-ejemplos-de-destinos-turisticos-sostenibles-nivel-mundial","status":"publish","type":"post","link":"https:\/\/www.comunicatur.info\/es\/el-bergueda-y-torroella-lestartit-illes-medes-ejemplos-de-destinos-turisticos-sostenibles-nivel-mundial\/","title":{"rendered":"El Bergued\u00e0 y Torroella-L&#8217;Estartit-Illes Medes, ejemplos de destinos tur\u00edsticos sostenibles a nivel mundial"},"content":{"rendered":"<p>La asociaci\u00f3n internacional Green Destinations ha incorporado el Bergued\u00e0 y Torroella de Montgr\u00ed, L&#8217;Estartit y Illes Medes en el ranking de los 100 destinos m\u00e1s sostenibles del mundo. De hecho, son los dos destinos catalanes incluidos en una primera selecci\u00f3n de 60.<!--more--><\/p>\n<p><img class=\"alignright size-medium wp-image-12894\" src=\"https:\/\/www.comunicatur.info\/wp-content\/uploads\/2018\/11\/SustainableDestinations2018-282x300.jpg\" alt=\"\" width=\"282\" height=\"300\" srcset=\"https:\/\/www.comunicatur.info\/wp-content\/uploads\/2018\/11\/SustainableDestinations2018-282x300.jpg 282w, https:\/\/www.comunicatur.info\/wp-content\/uploads\/2018\/11\/SustainableDestinations2018-600x639.jpg 600w, https:\/\/www.comunicatur.info\/wp-content\/uploads\/2018\/11\/SustainableDestinations2018.jpg 762w\" sizes=\"(max-width: 282px) 100vw, 282px\" \/>En la evaluaci\u00f3n de los seleccionados participan un centenar de expertos internacionales que otorgan un distintivo como reconocimiento al trabajo que hacen los destinos en favor de la sostenibilidad y como elemento de promoci\u00f3n de casos de buenas pr\u00e1cticas.<\/p>\n<p>Torroella de Montgr\u00ed, L&#8217;Estartit y Illes Medes ha obtenido este distintivo por segundo a\u00f1o consecutivo. Al reconocimiento se a\u00f1ade el hecho de que el destino aparecer\u00e1 pr\u00f3ximamente como ejemplo de buenas pr\u00e1cticas en una gu\u00eda europea que debe servir para ayudar a pol\u00edticos y agentes tur\u00edsticos a implementar pol\u00edticas que permitan incrementar la sostenibilidad de sus destinos.<\/p>\n<p><img class=\"alignright size-medium wp-image-12895\" src=\"https:\/\/www.comunicatur.info\/wp-content\/uploads\/2018\/11\/Torroella-300x218.jpg\" alt=\"\" width=\"300\" height=\"218\" srcset=\"https:\/\/www.comunicatur.info\/wp-content\/uploads\/2018\/11\/Torroella-300x218.jpg 300w, https:\/\/www.comunicatur.info\/wp-content\/uploads\/2018\/11\/Torroella-768x558.jpg 768w, https:\/\/www.comunicatur.info\/wp-content\/uploads\/2018\/11\/Torroella.jpg 1024w, https:\/\/www.comunicatur.info\/wp-content\/uploads\/2018\/11\/Torroella-600x436.jpg 600w\" sizes=\"(max-width: 300px) 100vw, 300px\" \/>Torroella-L&#8217;Estartit-Illes Medes aporta su experiencia en la puesta en valor de sus recursos naturales y en el cambio de modelo urban\u00edstico que implement\u00f3 a partir de los a\u00f1os 80, basado en la promoci\u00f3n de los activos naturales, culturales y paisaj\u00edsticos como base para el reposicionamiento de un destino litoral. En el caso de la protecci\u00f3n de las islas Medes, seg\u00fan datos de 2015, las actividades asociadas generaron 12 millones de euros y m\u00e1s de 200 puestos de trabajo.<\/p>\n<p>En cuanto al Bergued\u00e0, seg\u00fan la Agencia de Desarrollo de la comarca, que es quien ha potenciado la candidatura, la organizaci\u00f3n Green Destinations \u00abha valorado su car\u00e1cter genuino y aut\u00e9ntico, su apoyo a la celebraci\u00f3n y la preservaci\u00f3n de la cultura y la tradici\u00f3n local, as\u00ed como la defensa de la poblaci\u00f3n residente en frente de la explotaci\u00f3n tur\u00edstica y la mejora de la accesibilidad al medio.\u00bb<\/p>\n","protected":false},"excerpt":{"rendered":"<p>La asociaci\u00f3n internacional Green Destinations ha incorporado el Bergued\u00e0 y Torroella de Montgr\u00ed, L&#8217;Estartit y Illes Medes en el ranking de los 100 destinos m\u00e1s sostenibles del mundo. De hecho, son los dos destinos catalanes incluidos en una primera selecci\u00f3n de 60. En la evaluaci\u00f3n de los seleccionados participan un centenar de expertos internacionales que &hellip;<\/p>\n","protected":false},"author":408,"featured_media":0,"comment_status":"closed","ping_status":"open","sticky":false,"template":"","format":"standard","meta":[],"categories":[62],"tags":[],"_links":{"self":[{"href":"https:\/\/www.comunicatur.info\/es\/wp-json\/wp\/v2\/posts\/12898"}],"collection":[{"href":"https:\/\/www.comunicatur.info\/es\/wp-json\/wp\/v2\/posts"}],"about":[{"href":"https:\/\/www.comunicatur.info\/es\/wp-json\/wp\/v2\/types\/post"}],"author":[{"embeddable":true,"href":"https:\/\/www.comunicatur.info\/es\/wp-json\/wp\/v2\/users\/408"}],"replies":[{"embeddable":true,"href":"https:\/\/www.comunicatur.info\/es\/wp-json\/wp\/v2\/comments?post=12898"}],"version-history":[{"count":1,"href":"https:\/\/www.comunicatur.info\/es\/wp-json\/wp\/v2\/posts\/12898\/revisions"}],"predecessor-version":[{"id":12899,"href":"https:\/\/www.comunicatur.info\/es\/wp-json\/wp\/v2\/posts\/12898\/revisions\/12899"}],"wp:attachment":[{"href":"https:\/\/www.comunicatur.info\/es\/wp-json\/wp\/v2\/media?parent=12898"}],"wp:term":[{"taxonomy":"category","embeddable":true,"href":"https:\/\/www.comunicatur.info\/es\/wp-json\/wp\/v2\/categories?post=12898"},{"taxonomy":"post_tag","embeddable":true,"href":"https:\/\/www.comunicatur.info\/es\/wp-json\/wp\/v2\/tags?post=12898"}],"curies":[{"name":"wp","href":"https:\/\/api.w.org\/{rel}","templated":true}]}}