{"id":12798,"date":"2018-10-10T00:00:42","date_gmt":"2018-10-09T22:00:42","guid":{"rendered":"https:\/\/comunicatur.info\/?p=12798"},"modified":"2018-10-09T21:56:40","modified_gmt":"2018-10-09T19:56:40","slug":"una-veintena-de-poblaciones-de-costa-aspiran-ser-reconocidas-como-villas-marineras","status":"publish","type":"post","link":"https:\/\/www.comunicatur.info\/es\/una-veintena-de-poblaciones-de-costa-aspiran-ser-reconocidas-como-villas-marineras\/","title":{"rendered":"Una veintena de poblaciones de costa aspiran a ser reconocidas como Villas Marineras"},"content":{"rendered":"<p>La futura marca tur\u00edstica \u2018Villas Marineras\u2019 que impulsa la Agencia Catalana de Turismo (ACT) ha comenzado a andar. M\u00e1s de veinte municipios del litoral est\u00e1n interesadas en recibir esta certificaci\u00f3n.<\/p>\n<p><!--more--><img class=\"alignright size-medium wp-image-12796\" src=\"https:\/\/www.comunicatur.info\/wp-content\/uploads\/2018\/10\/viles_marineres-300x175.jpg\" alt=\"\" width=\"300\" height=\"175\" srcset=\"https:\/\/www.comunicatur.info\/wp-content\/uploads\/2018\/10\/viles_marineres-300x175.jpg 300w, https:\/\/www.comunicatur.info\/wp-content\/uploads\/2018\/10\/viles_marineres-768x449.jpg 768w, https:\/\/www.comunicatur.info\/wp-content\/uploads\/2018\/10\/viles_marineres-1024x598.jpg 1024w, https:\/\/www.comunicatur.info\/wp-content\/uploads\/2018\/10\/viles_marineres-600x351.jpg 600w, https:\/\/www.comunicatur.info\/wp-content\/uploads\/2018\/10\/viles_marineres.jpg 1600w\" sizes=\"(max-width: 300px) 100vw, 300px\" \/>David Font, director de la ACT, explic\u00f3 que han creado esta marca tur\u00edstica <em>\u00abpara aglutinar aquellas poblaciones litorales que conservan viva la cultura ligada al mar y las tradiciones pesqueras, y que han sabido mantener sus espacios naturales y patrimoniales, ofreciendo <\/em>experiencias y vivencias vinculadas a los valores de la vida marinera\u00bb.<\/p>\n<p>Los municipios que se han interesado por este sello son: Arenys de Mar, Begur, Blanes, El Masnou, L&#8217;Ametlla de Mar, L&#8217;Ampolla, la Escala, Palam\u00f3s, Port de la Selva, Premi\u00e0 de Mar, Roses, San Carles de la R\u00e1pita, Sant Feliu de Gu\u00edxols, Sant Pol de Mar, Torredembarra, Torroella de Montgr\u00ed y L&#8217;Estartit, Tossa de Mar y Vilanova y la Geltr\u00fa.<\/p>\n<p>El sello est\u00e1 abierto a las localidades con una fuerte personalidad marinera que cumplan unos requisitos espec\u00edficos como tener puerto; actividad relacionada con los trabajos en el mar o pesquera (cofrad\u00eda de pescadores y\/o lonja de pescado); vestigios muy evidentes de su relaci\u00f3n con el mar (por ejemplo los municipios indianos); o actividad tur\u00edstica con un n\u00famero significativo de elementos que avalen su car\u00e1cter marinero.<\/p>\n","protected":false},"excerpt":{"rendered":"<p>La futura marca tur\u00edstica \u2018Villas Marineras\u2019 que impulsa la Agencia Catalana de Turismo (ACT) ha comenzado a andar. M\u00e1s de veinte municipios del litoral est\u00e1n interesadas en recibir esta certificaci\u00f3n. David Font, director de la ACT, explic\u00f3 que han creado esta marca tur\u00edstica \u00abpara aglutinar aquellas poblaciones litorales que conservan viva la cultura ligada al &hellip;<\/p>\n","protected":false},"author":408,"featured_media":0,"comment_status":"closed","ping_status":"open","sticky":false,"template":"","format":"standard","meta":[],"categories":[62],"tags":[],"_links":{"self":[{"href":"https:\/\/www.comunicatur.info\/es\/wp-json\/wp\/v2\/posts\/12798"}],"collection":[{"href":"https:\/\/www.comunicatur.info\/es\/wp-json\/wp\/v2\/posts"}],"about":[{"href":"https:\/\/www.comunicatur.info\/es\/wp-json\/wp\/v2\/types\/post"}],"author":[{"embeddable":true,"href":"https:\/\/www.comunicatur.info\/es\/wp-json\/wp\/v2\/users\/408"}],"replies":[{"embeddable":true,"href":"https:\/\/www.comunicatur.info\/es\/wp-json\/wp\/v2\/comments?post=12798"}],"version-history":[{"count":2,"href":"https:\/\/www.comunicatur.info\/es\/wp-json\/wp\/v2\/posts\/12798\/revisions"}],"predecessor-version":[{"id":12800,"href":"https:\/\/www.comunicatur.info\/es\/wp-json\/wp\/v2\/posts\/12798\/revisions\/12800"}],"wp:attachment":[{"href":"https:\/\/www.comunicatur.info\/es\/wp-json\/wp\/v2\/media?parent=12798"}],"wp:term":[{"taxonomy":"category","embeddable":true,"href":"https:\/\/www.comunicatur.info\/es\/wp-json\/wp\/v2\/categories?post=12798"},{"taxonomy":"post_tag","embeddable":true,"href":"https:\/\/www.comunicatur.info\/es\/wp-json\/wp\/v2\/tags?post=12798"}],"curies":[{"name":"wp","href":"https:\/\/api.w.org\/{rel}","templated":true}]}}