{"id":12722,"date":"2018-09-25T00:00:20","date_gmt":"2018-09-24T22:00:20","guid":{"rendered":"https:\/\/comunicatur.info\/?p=12722"},"modified":"2018-09-21T15:23:29","modified_gmt":"2018-09-21T13:23:29","slug":"la-temperatura-sube-en-cataluna-y-puede-afectar-la-actividad-turistica","status":"publish","type":"post","link":"https:\/\/www.comunicatur.info\/es\/la-temperatura-sube-en-cataluna-y-puede-afectar-la-actividad-turistica\/","title":{"rendered":"La temperatura sube en Catalu\u00f1a y puede afectar a la actividad tur\u00edstica"},"content":{"rendered":"<p>El cambio clim\u00e1tico est\u00e1 afectando a todo el planeta y sus consecuencias tambi\u00e9n se trasladan al turismo. En Catalu\u00f1a est\u00e1 teniendo un efecto determinante, la subida de la temperatura media.<!--more--><\/p>\n<p><img class=\"alignright size-medium wp-image-12720\" src=\"https:\/\/www.comunicatur.info\/wp-content\/uploads\/2018\/09\/deltacleta-300x179.jpg\" alt=\"\" width=\"300\" height=\"179\" srcset=\"https:\/\/www.comunicatur.info\/wp-content\/uploads\/2018\/09\/deltacleta-300x179.jpg 300w, https:\/\/www.comunicatur.info\/wp-content\/uploads\/2018\/09\/deltacleta-768x457.jpg 768w, https:\/\/www.comunicatur.info\/wp-content\/uploads\/2018\/09\/deltacleta-600x357.jpg 600w, https:\/\/www.comunicatur.info\/wp-content\/uploads\/2018\/09\/deltacleta.jpg 1008w\" sizes=\"(max-width: 300px) 100vw, 300px\" \/>Desde 2011 se han registrado los a\u00f1os m\u00e1s c\u00e1lidos de la historia. En 2017 se cerr\u00f3 con una temperatura media anual con los valores m\u00e1s altos en veinte a\u00f1os donde las estaciones meteorol\u00f3gicas disponen de series largas. La sequ\u00eda tambi\u00e9n avanza de forma generalizada y el \u00faltimo a\u00f1o fue uno de los m\u00e1s secos.<\/p>\n<p>Hasta 1,6\u00ba ha crecido la temperatura media desde el a\u00f1o 1950 y ahora parece que el fen\u00f3meno se acelera a\u00fan m\u00e1s. El clima es un factor determinante para el turismo del \u00e1rea mediterr\u00e1nea. Catalu\u00f1a est\u00e1 sufriendo el siglo XXI los a\u00f1os m\u00e1s c\u00e1lidos de la historia de forma constante.<\/p>\n<p>El \u00faltimo a\u00f1o se situ\u00f3 en valores superiores a 0,5 \u00b0 C respecto de la media clim\u00e1tica y el Servicio Meteorol\u00f3gico de Catalu\u00f1a considera que s\u00f3lo en pocos puntos del territorio tuvieron datos que se pueden calificar de \u00abtermom\u00e9tricamente normal\u00bb. Las zonas m\u00e1s tur\u00edsticas coinciden con la anomal\u00eda m\u00e1s marcada. En puntos del Prepirineo, tanto occidental como oriental, as\u00ed como puntos del prelitoral y del litoral Central la temperatura media anual ha llegado a superar en +1,5 \u00b0 C la media clim\u00e1tica, y en la ciudad de Barcelona el registro ha alcanzado los + 2 \u00b0 C.<\/p>\n<p>En verano catal\u00e1n han aumentado los d\u00edas de mucho calor y las noches tropicales as\u00ed como la duraci\u00f3n de los per\u00edodos de fuerte calor. Y en invierno, en campa\u00f1a de nieve, se ha reducido los d\u00edas de fr\u00edo y las heladas y tambi\u00e9n la duraci\u00f3n de los per\u00edodos de fr\u00edo intenso. Una combinaci\u00f3n nefasta para las actividades de nieve y la oferta tur\u00edstica vinculada. Estas proyecciones clim\u00e1ticas para Catalu\u00f1a suponen efectos como el aumento del nivel del mar, la erosi\u00f3n costera y de la superficie de playa. Para el turismo de nieve, podr\u00eda poner en riesgo las estaciones de esqu\u00ed catalanas.<\/p>\n<p>Con esta situaci\u00f3n es de prever en el futuro un cambio de las estrategias de adaptaci\u00f3n del destino tur\u00edstico para aplicar medidas de mitigaci\u00f3n.<\/p>\n","protected":false},"excerpt":{"rendered":"<p>El cambio clim\u00e1tico est\u00e1 afectando a todo el planeta y sus consecuencias tambi\u00e9n se trasladan al turismo. En Catalu\u00f1a est\u00e1 teniendo un efecto determinante, la subida de la temperatura media. Desde 2011 se han registrado los a\u00f1os m\u00e1s c\u00e1lidos de la historia. En 2017 se cerr\u00f3 con una temperatura media anual con los valores m\u00e1s &hellip;<\/p>\n","protected":false},"author":408,"featured_media":0,"comment_status":"closed","ping_status":"open","sticky":false,"template":"","format":"standard","meta":[],"categories":[62,74],"tags":[],"_links":{"self":[{"href":"https:\/\/www.comunicatur.info\/es\/wp-json\/wp\/v2\/posts\/12722"}],"collection":[{"href":"https:\/\/www.comunicatur.info\/es\/wp-json\/wp\/v2\/posts"}],"about":[{"href":"https:\/\/www.comunicatur.info\/es\/wp-json\/wp\/v2\/types\/post"}],"author":[{"embeddable":true,"href":"https:\/\/www.comunicatur.info\/es\/wp-json\/wp\/v2\/users\/408"}],"replies":[{"embeddable":true,"href":"https:\/\/www.comunicatur.info\/es\/wp-json\/wp\/v2\/comments?post=12722"}],"version-history":[{"count":1,"href":"https:\/\/www.comunicatur.info\/es\/wp-json\/wp\/v2\/posts\/12722\/revisions"}],"predecessor-version":[{"id":12723,"href":"https:\/\/www.comunicatur.info\/es\/wp-json\/wp\/v2\/posts\/12722\/revisions\/12723"}],"wp:attachment":[{"href":"https:\/\/www.comunicatur.info\/es\/wp-json\/wp\/v2\/media?parent=12722"}],"wp:term":[{"taxonomy":"category","embeddable":true,"href":"https:\/\/www.comunicatur.info\/es\/wp-json\/wp\/v2\/categories?post=12722"},{"taxonomy":"post_tag","embeddable":true,"href":"https:\/\/www.comunicatur.info\/es\/wp-json\/wp\/v2\/tags?post=12722"}],"curies":[{"name":"wp","href":"https:\/\/api.w.org\/{rel}","templated":true}]}}