{"id":12704,"date":"2018-09-19T00:00:20","date_gmt":"2018-09-18T22:00:20","guid":{"rendered":"https:\/\/comunicatur.info\/?p=12704"},"modified":"2018-09-18T19:16:50","modified_gmt":"2018-09-18T17:16:50","slug":"salou-quiere-ser-un-destino-inteligente","status":"publish","type":"post","link":"https:\/\/www.comunicatur.info\/es\/salou-quiere-ser-un-destino-inteligente\/","title":{"rendered":"Salou quiere ser un destino inteligente"},"content":{"rendered":"<p>El municipio de Salou ha conseguido una subvenci\u00f3n del Ministerio de Econom\u00eda por un importe superior a los 2 millones de euros para convertirse en una Smart Destination.<\/p>\n<p><!--more--><img class=\"alignright size-medium wp-image-7491\" src=\"https:\/\/www.comunicatur.info\/wp-content\/uploads\/2014\/01\/SalouPlatjaEstiuVacaciones-300x154.jpg\" alt=\"\" width=\"300\" height=\"154\" srcset=\"https:\/\/www.comunicatur.info\/wp-content\/uploads\/2014\/01\/SalouPlatjaEstiuVacaciones-300x154.jpg 300w, https:\/\/www.comunicatur.info\/wp-content\/uploads\/2014\/01\/SalouPlatjaEstiuVacaciones-600x309.jpg 600w, https:\/\/www.comunicatur.info\/wp-content\/uploads\/2014\/01\/SalouPlatjaEstiuVacaciones.jpg 726w\" sizes=\"(max-width: 300px) 100vw, 300px\" \/>El proyecto presentado por Salou ha superado la convocatoria del Plan Nacional de Territorios Inteligentes que gestiona la entidad p\u00fablica estatal Red.es. Est\u00e1 valorado en 2,9 millones de euros y por tanto tiene garantizado el 70% de la financiaci\u00f3n. El resto del presupuesto lo tendr\u00e1 que aportar el ayuntamiento u otras fuentes de financiaci\u00f3n.<\/p>\n<p>El periodo de ejecuci\u00f3n de las acciones del proyecto es de dos a\u00f1os. Los cuatro ejes contemplados en el Salou Smart Tur\u00edstico son: inteligencia tur\u00edstica, datos de los visitantes, acompa\u00f1amiento de los visitantes y sostenibilidad y eficiencia energ\u00e9tica. El ayuntamiento ha informado de algunas de las iniciativas que se incluyen en el proyecto de destino inteligente como son \u00abel incremento sustancial del n\u00famero de puntos de carga de veh\u00edculos el\u00e9ctricos, incremento del n\u00famero de webcams tur\u00edsticas en las playas, despliegue de una red de sensores que permita conocer mejor la movilidad de los visitantes y adaptar las ofertas de servicios.<\/p>\n<p>Red.es ha destinado en esta convocatoria m\u00e1s 68 millones de euros para subvencionar 24 proyectos de turismo inteligente de nueve comunidades aut\u00f3nomas.<\/p>\n<p>Distribuci\u00f3n de las subvenciones:<\/p>\n<p>Canarias 12,6 millones de euros<br \/>\nC. Valenciana 12,3 millones de euros<br \/>\nBaleares 10 millones de euros<br \/>\nGalicia 9,3 millones de euros<br \/>\nAndaluc\u00eda 7,7 millones de euros<br \/>\nCatalu\u00f1a 6,2 millones de euros<br \/>\nPa\u00eds Vasco 5,9 millones de euros<\/p>\n","protected":false},"excerpt":{"rendered":"<p>El municipio de Salou ha conseguido una subvenci\u00f3n del Ministerio de Econom\u00eda por un importe superior a los 2 millones de euros para convertirse en una Smart Destination. El proyecto presentado por Salou ha superado la convocatoria del Plan Nacional de Territorios Inteligentes que gestiona la entidad p\u00fablica estatal Red.es. Est\u00e1 valorado en 2,9 millones &hellip;<\/p>\n","protected":false},"author":408,"featured_media":0,"comment_status":"closed","ping_status":"open","sticky":false,"template":"","format":"standard","meta":[],"categories":[62],"tags":[],"_links":{"self":[{"href":"https:\/\/www.comunicatur.info\/es\/wp-json\/wp\/v2\/posts\/12704"}],"collection":[{"href":"https:\/\/www.comunicatur.info\/es\/wp-json\/wp\/v2\/posts"}],"about":[{"href":"https:\/\/www.comunicatur.info\/es\/wp-json\/wp\/v2\/types\/post"}],"author":[{"embeddable":true,"href":"https:\/\/www.comunicatur.info\/es\/wp-json\/wp\/v2\/users\/408"}],"replies":[{"embeddable":true,"href":"https:\/\/www.comunicatur.info\/es\/wp-json\/wp\/v2\/comments?post=12704"}],"version-history":[{"count":1,"href":"https:\/\/www.comunicatur.info\/es\/wp-json\/wp\/v2\/posts\/12704\/revisions"}],"predecessor-version":[{"id":12705,"href":"https:\/\/www.comunicatur.info\/es\/wp-json\/wp\/v2\/posts\/12704\/revisions\/12705"}],"wp:attachment":[{"href":"https:\/\/www.comunicatur.info\/es\/wp-json\/wp\/v2\/media?parent=12704"}],"wp:term":[{"taxonomy":"category","embeddable":true,"href":"https:\/\/www.comunicatur.info\/es\/wp-json\/wp\/v2\/categories?post=12704"},{"taxonomy":"post_tag","embeddable":true,"href":"https:\/\/www.comunicatur.info\/es\/wp-json\/wp\/v2\/tags?post=12704"}],"curies":[{"name":"wp","href":"https:\/\/api.w.org\/{rel}","templated":true}]}}