{"id":12684,"date":"2018-09-10T00:00:19","date_gmt":"2018-09-09T22:00:19","guid":{"rendered":"https:\/\/comunicatur.info\/?p=12684"},"modified":"2018-09-06T19:12:15","modified_gmt":"2018-09-06T17:12:15","slug":"barcelona-esta-perdiendo-reputacion-internacional-segun-los-hoteleros","status":"publish","type":"post","link":"https:\/\/www.comunicatur.info\/es\/barcelona-esta-perdiendo-reputacion-internacional-segun-los-hoteleros\/","title":{"rendered":"Barcelona est\u00e1 perdiendo reputaci\u00f3n internacional, seg\u00fan los hoteleros"},"content":{"rendered":"<p>El presidente del Gremi d\u2019Hotels de Barcelona, Jordi Clos, reclama que las Instituciones trabajen para relanzar la marca Barcelona. Lamenta los episodios inc\u00edvicos de este verano que han contribuido a proyectar una imagen negativa de la ciudad.<\/p>\n<p><!--more--><img class=\"alignright size-medium wp-image-11615\" src=\"https:\/\/www.comunicatur.info\/wp-content\/uploads\/2018\/02\/CNN_Barcelona18-300x199.jpg\" alt=\"\" width=\"300\" height=\"199\" srcset=\"https:\/\/www.comunicatur.info\/wp-content\/uploads\/2018\/02\/CNN_Barcelona18-300x199.jpg 300w, https:\/\/www.comunicatur.info\/wp-content\/uploads\/2018\/02\/CNN_Barcelona18.jpg 447w\" sizes=\"(max-width: 300px) 100vw, 300px\" \/>Clos ha se\u00f1alado que la p\u00e9rdida de reputaci\u00f3n tur\u00edstica se constata en tres indicadores importantes: los art\u00edculos en medios internacionales que se hacen eco de los conflictos relacionados con la actividad tur\u00edstica; las advertencias de pa\u00edses como EEUU, Reino Unido, Alemania y Canad\u00e1 sobre los riesgos de viajar a Barcelona durante los pr\u00f3ximos meses y la p\u00e9rdida de posiciones de la capital catalana entre las ciudades mejor valoradas del mundo, tal como queda reflejado en el informe anual de City Recibe Trak, donde Barcelona ha pasado del octavo lugar al decimoquinto.<\/p>\n<p>En la presentaci\u00f3n de los datos de ocupaci\u00f3n realizada por el Gremio han alertado que durante los meses de julio y agosto, la media de p\u00e9rdida de facturaci\u00f3n fue del 14%, vi\u00e9ndose especialmente afectadas las categor\u00edas de lujo, con una ca\u00edda que se situ\u00f3 en el 18,5%.<\/p>\n<p>El precio medio de las habitaciones en julio fue de 150 euros, un descenso del 7 % en relaci\u00f3n al a\u00f1o anterior. Y durante este mes, la facturaci\u00f3n cay\u00f3 un 7,31%. Con respecto al mes de agosto, el precio medio de las habitaciones fue de 135 euros, lo que significa una reducci\u00f3n del 19% respecto al a\u00f1o anterior. Y la facturaci\u00f3n sufri\u00f3 un descenso del 20%.<\/p>\n","protected":false},"excerpt":{"rendered":"<p>El presidente del Gremi d\u2019Hotels de Barcelona, Jordi Clos, reclama que las Instituciones trabajen para relanzar la marca Barcelona. Lamenta los episodios inc\u00edvicos de este verano que han contribuido a proyectar una imagen negativa de la ciudad. Clos ha se\u00f1alado que la p\u00e9rdida de reputaci\u00f3n tur\u00edstica se constata en tres indicadores importantes: los art\u00edculos en &hellip;<\/p>\n","protected":false},"author":408,"featured_media":0,"comment_status":"closed","ping_status":"open","sticky":false,"template":"","format":"standard","meta":[],"categories":[59,62],"tags":[],"_links":{"self":[{"href":"https:\/\/www.comunicatur.info\/es\/wp-json\/wp\/v2\/posts\/12684"}],"collection":[{"href":"https:\/\/www.comunicatur.info\/es\/wp-json\/wp\/v2\/posts"}],"about":[{"href":"https:\/\/www.comunicatur.info\/es\/wp-json\/wp\/v2\/types\/post"}],"author":[{"embeddable":true,"href":"https:\/\/www.comunicatur.info\/es\/wp-json\/wp\/v2\/users\/408"}],"replies":[{"embeddable":true,"href":"https:\/\/www.comunicatur.info\/es\/wp-json\/wp\/v2\/comments?post=12684"}],"version-history":[{"count":1,"href":"https:\/\/www.comunicatur.info\/es\/wp-json\/wp\/v2\/posts\/12684\/revisions"}],"predecessor-version":[{"id":12685,"href":"https:\/\/www.comunicatur.info\/es\/wp-json\/wp\/v2\/posts\/12684\/revisions\/12685"}],"wp:attachment":[{"href":"https:\/\/www.comunicatur.info\/es\/wp-json\/wp\/v2\/media?parent=12684"}],"wp:term":[{"taxonomy":"category","embeddable":true,"href":"https:\/\/www.comunicatur.info\/es\/wp-json\/wp\/v2\/categories?post=12684"},{"taxonomy":"post_tag","embeddable":true,"href":"https:\/\/www.comunicatur.info\/es\/wp-json\/wp\/v2\/tags?post=12684"}],"curies":[{"name":"wp","href":"https:\/\/api.w.org\/{rel}","templated":true}]}}