{"id":12674,"date":"2018-09-07T00:00:05","date_gmt":"2018-09-06T22:00:05","guid":{"rendered":"https:\/\/comunicatur.info\/?p=12674"},"modified":"2018-09-06T12:42:16","modified_gmt":"2018-09-06T10:42:16","slug":"agosto-disminucion-de-la-ocupacion-en-los-alojamientos-turisticos-del-entorno-de-barcelona","status":"publish","type":"post","link":"https:\/\/www.comunicatur.info\/es\/agosto-disminucion-de-la-ocupacion-en-los-alojamientos-turisticos-del-entorno-de-barcelona\/","title":{"rendered":"Agosto: disminuci\u00f3n de la ocupaci\u00f3n en los alojamientos tur\u00edsticos del entorno de Barcelona"},"content":{"rendered":"<p>La Encuesta Flash de ocupaci\u00f3n que realiza el <strong>Laboratorio de Turismo (LABturismo) de la Diputaci\u00f3n de Barcelona,<\/strong> refleja la tendencia general a la baja de los turistas del entorno de Barcelona (no incluye la ciudad de Barcelona ni el resto del Barcelon\u00e8s) durante el mes de agosto. El decrecimiento se da en tres de las cuatro tipolog\u00edas de alojamientos analizados. A pesar de ello, en el hist\u00f3rico 2010-2018, la actual es la tercera ocupaci\u00f3n m\u00e1s alta de todo el per\u00edodo.<!--more--><\/p>\n<p>Adem\u00e1s se constata que la idea prevista para este verano de tener reservas de \u00faltimo minuto no se ha producido de la manera esperada y no parece que acaben compensando la falta de reservas anticipadas en el litoral.<\/p>\n<p>Entre las causas de esta bajada toma fuerza la recuperaci\u00f3n, por motivos diversos, que han tenido algunos destinos mediterr\u00e1neos competencia de Catalu\u00f1a.<\/p>\n<p>En el lado positivo encontramos una subida alta de la ocupaci\u00f3n de apartamentos tur\u00edsticos en la marca Paisajes Barcelona y que se aprecia una disminuci\u00f3n de la estacionalidad.<\/p>\n<p><strong>HOTELES<\/strong><br \/>\n&#8211; Ocupaci\u00f3n: 84,2%. Decrecimiento de 2,5 puntos porcentuales (pp) respecto al 2017.<br \/>\n&#8211; De las 11 comarcas, solo el Anoia (+7 pp) y el Moian\u00e8s (+1 pp) obtienen incrementos.<br \/>\n&#8211; Las comarcas del litoral (76% de las plazas totales) decrecen:<br \/>\n&#8212; Maresme: ocupaci\u00f3n del 91% (-1,6 pp)<br \/>\n&#8212; Baix Llobregat: ocupaci\u00f3n del 84,4% (-3,6 pp)<br \/>\n&#8212; Garraf: 85,2% de ocupaci\u00f3n (-4,9 pp)<br \/>\n&#8211; Osona (-6,6 pp) y Vall\u00e8s Oriental (-7,2 pp) son las comarcas que m\u00e1s bajadas han tenido.<\/p>\n<p><strong>TURISMO RURAL<br \/>\n<\/strong>&#8211; Ocupaci\u00f3n media: 68,7% (-6,5 pp respecto al 2017).<br \/>\n&#8211; Todas las comarcas han registrado decrecimientos, a excepci\u00f3n del Bergued\u00e0 (+ 3,9 pp).<br \/>\n&#8211; Destacan negativamente las comarcas del Vall\u00e8s Oriental (-19,3 pp), el Alt Pened\u00e8s (-13) y el Maresme (-12,7).<\/p>\n<p><strong>CAMPINGS<\/strong> (Resultados por marca tur\u00edstica y no por comarcas)<br \/>\n&#8211; Media de ocupaci\u00f3n: 76,7% (-5,3 pp respecto al 2017).<br \/>\n&#8211; Costa Barcelona (75% de las plazas de campings de la provincia) baja 6 puntos porcentuales y se queda con una ocupaci\u00f3n del 77,5%.<br \/>\n&#8211; Pirineos Barcelona (Bergued\u00e0 exclusivamente): -3,8 pp.<br \/>\n&#8211; Paisajes Barcelona: -2,1 puntos porcentuales.<\/p>\n<p><strong>APARTAMENTOS TUR\u00cdSTICOS<\/strong> (Marca tur\u00edstica)<br \/>\n&#8211; Costa Barcelona pierde s\u00f3lo medio punto (-0,46 pp) y tiene una ocupaci\u00f3n del 83,6%.<br \/>\n&#8211; Paisajes Barcelona: aqu\u00ed encontramos un espectacular aumento de + 15,5 pp, con una ocupaci\u00f3n media del 71,2%.<br \/>\n&#8211; Pirineos Barcelona no tiene una muestra significativa. Por ello los datos no est\u00e1n disponibles.<\/p>\n<p><a href=\"https:\/\/www.diba.cat\/documents\/553295\/203415190\/Informe+Flaix+Ocupaci%C3%B3+tur%C3%ADstica+AGOST2018+v2.pdf\/26259f6e-a0ed-45f2-9241-5656bd2d9bb8\" target=\"_blank\" rel=\"noopener\"><em>Quiero ver el informe Flash del mes de agost<\/em><\/a><em>o<\/em><\/p>\n","protected":false},"excerpt":{"rendered":"<p>La Encuesta Flash de ocupaci\u00f3n que realiza el Laboratorio de Turismo (LABturismo) de la Diputaci\u00f3n de Barcelona, refleja la tendencia general a la baja de los turistas del entorno de Barcelona (no incluye la ciudad de Barcelona ni el resto del Barcelon\u00e8s) durante el mes de agosto. El decrecimiento se da en tres de las &hellip;<\/p>\n","protected":false},"author":408,"featured_media":0,"comment_status":"closed","ping_status":"open","sticky":false,"template":"","format":"standard","meta":[],"categories":[74],"tags":[],"_links":{"self":[{"href":"https:\/\/www.comunicatur.info\/es\/wp-json\/wp\/v2\/posts\/12674"}],"collection":[{"href":"https:\/\/www.comunicatur.info\/es\/wp-json\/wp\/v2\/posts"}],"about":[{"href":"https:\/\/www.comunicatur.info\/es\/wp-json\/wp\/v2\/types\/post"}],"author":[{"embeddable":true,"href":"https:\/\/www.comunicatur.info\/es\/wp-json\/wp\/v2\/users\/408"}],"replies":[{"embeddable":true,"href":"https:\/\/www.comunicatur.info\/es\/wp-json\/wp\/v2\/comments?post=12674"}],"version-history":[{"count":1,"href":"https:\/\/www.comunicatur.info\/es\/wp-json\/wp\/v2\/posts\/12674\/revisions"}],"predecessor-version":[{"id":12675,"href":"https:\/\/www.comunicatur.info\/es\/wp-json\/wp\/v2\/posts\/12674\/revisions\/12675"}],"wp:attachment":[{"href":"https:\/\/www.comunicatur.info\/es\/wp-json\/wp\/v2\/media?parent=12674"}],"wp:term":[{"taxonomy":"category","embeddable":true,"href":"https:\/\/www.comunicatur.info\/es\/wp-json\/wp\/v2\/categories?post=12674"},{"taxonomy":"post_tag","embeddable":true,"href":"https:\/\/www.comunicatur.info\/es\/wp-json\/wp\/v2\/tags?post=12674"}],"curies":[{"name":"wp","href":"https:\/\/api.w.org\/{rel}","templated":true}]}}