{"id":12667,"date":"2018-09-06T00:00:59","date_gmt":"2018-09-05T22:00:59","guid":{"rendered":"https:\/\/comunicatur.info\/?p=12667"},"modified":"2018-09-06T10:33:29","modified_gmt":"2018-09-06T08:33:29","slug":"relevo-en-el-direccion-de-la-agencia-catalana-de-turismo","status":"publish","type":"post","link":"https:\/\/www.comunicatur.info\/es\/relevo-en-el-direccion-de-la-agencia-catalana-de-turismo\/","title":{"rendered":"Relevo en la direcci\u00f3n de la Agencia Catalana de Turismo"},"content":{"rendered":"<p>Xavier Espasa cesa al frente del organismo p\u00fablico de promoci\u00f3n tur\u00edstica de Catalu\u00f1a, despu\u00e9s de m\u00e1s de siete a\u00f1os en la direcci\u00f3n y lo sustituye David Font, actual alcalde de la localidad de Gironella (Barcelona).<!--more--><\/p>\n<p><img class=\"alignright size-full wp-image-12665\" src=\"https:\/\/www.comunicatur.info\/wp-content\/uploads\/2018\/09\/David_Font.jpg\" alt=\"\" width=\"250\" height=\"250\" srcset=\"https:\/\/www.comunicatur.info\/wp-content\/uploads\/2018\/09\/David_Font.jpg 250w, https:\/\/www.comunicatur.info\/wp-content\/uploads\/2018\/09\/David_Font-150x150.jpg 150w\" sizes=\"(max-width: 250px) 100vw, 250px\" \/>Font, de 38 a\u00f1os, es licenciado en Administraci\u00f3n y Direcci\u00f3n de Empresas por la UPF y ha cursado estudios en Asesoramiento en Productos Financieros, y en Liderazgo y Gobernanza Local. Ha trabajado en el mundo de la banca, trabajo del que actualmente se encuentra en excedencia. Adem\u00e1s de alcalde, ejerce de presidente del Consejo Comarcal del Bergued\u00e0 y de la Agencia de Desarrollo del Bergued\u00e0.<\/p>\n<p>El nuevo director de la Agencia Catalana de Turismo es una persona desconocida para el sector empresarial tur\u00edstico y se desconoce su trayectoria en este \u00e1mbito profesional. A partir de ahora deber\u00e1 trabajar en las estrategias de marketing tur\u00edstico de Catalu\u00f1a, en el dise\u00f1o de acciones promocionales para el sector y en la difusi\u00f3n de la marca tur\u00edstica Catalu\u00f1a y el resto de marcas territoriales que conforman el destino.<\/p>\n<p>Por su parte, Xavier Espasa, en su despedida al sector, ha destacado que durante su direcci\u00f3n ha querido impulsar \u00abuna nueva manera de hacer promoci\u00f3n tur\u00edstica, m\u00e1s innovadora, en colaboraci\u00f3n con los sectores p\u00fablico y privado\u00bb y que un de los retos m\u00e1s importantes que ha tenido al frente de la Agencia Catalana de Turismo \u00abfue dotar de f\u00f3rmulas de alta profesionalidad al organismo, como el desarrollo del Plan de Marketing Tur\u00edstico 2012-2016 con una estrategia que ha resultado un exitosa\u00bb.<\/p>\n","protected":false},"excerpt":{"rendered":"<p>Xavier Espasa cesa al frente del organismo p\u00fablico de promoci\u00f3n tur\u00edstica de Catalu\u00f1a, despu\u00e9s de m\u00e1s de siete a\u00f1os en la direcci\u00f3n y lo sustituye David Font, actual alcalde de la localidad de Gironella (Barcelona). Font, de 38 a\u00f1os, es licenciado en Administraci\u00f3n y Direcci\u00f3n de Empresas por la UPF y ha cursado estudios en &hellip;<\/p>\n","protected":false},"author":408,"featured_media":0,"comment_status":"closed","ping_status":"open","sticky":false,"template":"","format":"standard","meta":[],"categories":[62],"tags":[],"_links":{"self":[{"href":"https:\/\/www.comunicatur.info\/es\/wp-json\/wp\/v2\/posts\/12667"}],"collection":[{"href":"https:\/\/www.comunicatur.info\/es\/wp-json\/wp\/v2\/posts"}],"about":[{"href":"https:\/\/www.comunicatur.info\/es\/wp-json\/wp\/v2\/types\/post"}],"author":[{"embeddable":true,"href":"https:\/\/www.comunicatur.info\/es\/wp-json\/wp\/v2\/users\/408"}],"replies":[{"embeddable":true,"href":"https:\/\/www.comunicatur.info\/es\/wp-json\/wp\/v2\/comments?post=12667"}],"version-history":[{"count":2,"href":"https:\/\/www.comunicatur.info\/es\/wp-json\/wp\/v2\/posts\/12667\/revisions"}],"predecessor-version":[{"id":12670,"href":"https:\/\/www.comunicatur.info\/es\/wp-json\/wp\/v2\/posts\/12667\/revisions\/12670"}],"wp:attachment":[{"href":"https:\/\/www.comunicatur.info\/es\/wp-json\/wp\/v2\/media?parent=12667"}],"wp:term":[{"taxonomy":"category","embeddable":true,"href":"https:\/\/www.comunicatur.info\/es\/wp-json\/wp\/v2\/categories?post=12667"},{"taxonomy":"post_tag","embeddable":true,"href":"https:\/\/www.comunicatur.info\/es\/wp-json\/wp\/v2\/tags?post=12667"}],"curies":[{"name":"wp","href":"https:\/\/api.w.org\/{rel}","templated":true}]}}