{"id":1266,"date":"2009-04-27T00:00:00","date_gmt":"2009-04-27T00:00:00","guid":{"rendered":"https:\/\/comunicatur.info\/el-sector-privat-de-la-costa-brava-simplica-economicament-en-la-campanya-de-promocio-2\/"},"modified":"2009-04-27T00:00:00","modified_gmt":"2009-04-27T00:00:00","slug":"el-sector-privat-de-la-costa-brava-simplica-economicament-en-la-campanya-de-promocio-2","status":"publish","type":"post","link":"https:\/\/www.comunicatur.info\/es\/el-sector-privat-de-la-costa-brava-simplica-economicament-en-la-campanya-de-promocio-2\/","title":{"rendered":"El sector privado de la Costa Brava se implica econ\u00f3micamente en la campa\u00f1a de promoci\u00f3n"},"content":{"rendered":"<p>El sector privado de las comarcas de Girona y el patronato de turismo se han rascado el bolsillo para aportar hasta el 30% de los 600 mil euros de la campa\u00f1a publicitaria de Turespa\u00f1a, \u201cSmile,  you are on the Costa Brava\u201d (Sonr\u00ede, est\u00e1s en la Costa Brava). El objetivo de la campa\u00f1a es \u201creposicionar\u201d la marca Costa Brava vincul\u00e1ndola a los conceptos de \u201cmodernidad, renovaci\u00f3n y calidad\u201d.<\/p>\n<p><\/p>\n<p>Es un buen ejemplo de colaboraci\u00f3n entre la administraci\u00f3n p\u00fablica y el sector privado. A menudo se reclama esta implicaci\u00f3n y la campa\u00f1a de Turespa\u00f1a ha sido un buen ejemplo de colaboraci\u00f3n. Esta iniciativa en pro de la Costa Brava contrasta con otras iniciativas anunciadas de colaboraci\u00f3n p\u00fablico-privadas del \u00e1mbito de Catalu\u00f1a que no acaban de tirar adelante.<\/p>\n<p>Seg\u00fan el Patronato de la Costa Brava \u201cla finalidad de los anuncios es crear una identificaci\u00f3n entre las motivaciones del p\u00fablico al que van dirigidos y la imagen transmitida por el destino\u201d. Las gr\u00e1ficas est\u00e1n compuestas por seis im\u00e1genes de Calella de Palafrugell, Portlligat, las islas Medes, la cala de Aigua Gelida, la playa de Tossa de Mar y Monells. <\/p>\n<p>Para el presidente de la Federaci\u00f3n de Hosteler\u00eda de las Comarcas de Girona, Antoni Escudero, \u201cen un momento delicado para la econom\u00eda, es necesario que las patronales y los establecimientos que viven del turismo, en definitiva, se impliquen en la promoci\u00f3n del pa\u00eds y m\u00e1s en aquellas iniciativas unitarias que nos benefician a todos\u201d. <\/p>\n<p>El listado de patronales y asociaciones tur\u00edsticas que han aportado capital a la iniciativa es importante. Tal y como ha informado la Federaci\u00f3n de Hosteler\u00eda gerundense, por parte del sector privado, han contribuido econ\u00f3micamente la propia Federaci\u00f3n, con 27.000 euros; las C\u00e1maras de comercio de Girona, Palam\u00f3s y Sant Feliu de Gu\u00edxols, que suman 22.000 euros; la Asociaci\u00f3n de C\u00e1mpings y Ciudades de Vacaciones, 15.000 euros; la Asociaci\u00f3n Tur\u00edstica de Apartamentos, 8.000 \u20ac; la Asociaci\u00f3n Campos de Golf Costa Brava Girona, 5.000 \u20ac; el turismo n\u00e1utico 5.000 \u20ac, la Federaci\u00f3n Catalana de Asociaciones de Actividades Recreativas Musicales, 3.000 \u20ac; Parques Acu\u00e1ticos de la Costa Brava, 3.000 \u20ac; y el Turismo Rural 2.000 euros. <\/p>\n<p> \u201cSmile,  you are on the Costa Brava\u201d suma 180.000 euros del sector privado y el Patronato de Turismo Costa Brava que se a\u00f1aden a los 420.000 de Turespa\u00f1a. El periodo de ejecuci\u00f3n de la campa\u00f1a va de abril a junio 2009 en los mercados emisores de turismo prioritarios para la Costa Brava: Francia, Alemania, Reino Unido y el Benelux. <\/p>\n","protected":false},"excerpt":{"rendered":"<p>El sector privado de las comarcas de Girona y el patronato de turismo se han rascado el bolsillo para aportar hasta el 30% de los 600 mil euros de la campa\u00f1a publicitaria de Turespa\u00f1a, \u201cSmile,  you are on the Costa Brava\u201d (Sonr\u00ede, est\u00e1s en la Costa Brava). El objetivo de la campa\u00f1a es \u201creposicionar\u201d la marca Costa Brava vincul\u00e1ndola a los conceptos de \u201cmodernidad, renovaci\u00f3n y calidad\u201d.<\/p>\n","protected":false},"author":1,"featured_media":0,"comment_status":"close","ping_status":"open","sticky":false,"template":"","format":"standard","meta":[],"categories":[19],"tags":[],"_links":{"self":[{"href":"https:\/\/www.comunicatur.info\/es\/wp-json\/wp\/v2\/posts\/1266"}],"collection":[{"href":"https:\/\/www.comunicatur.info\/es\/wp-json\/wp\/v2\/posts"}],"about":[{"href":"https:\/\/www.comunicatur.info\/es\/wp-json\/wp\/v2\/types\/post"}],"author":[{"embeddable":true,"href":"https:\/\/www.comunicatur.info\/es\/wp-json\/wp\/v2\/users\/1"}],"replies":[{"embeddable":true,"href":"https:\/\/www.comunicatur.info\/es\/wp-json\/wp\/v2\/comments?post=1266"}],"version-history":[{"count":0,"href":"https:\/\/www.comunicatur.info\/es\/wp-json\/wp\/v2\/posts\/1266\/revisions"}],"wp:attachment":[{"href":"https:\/\/www.comunicatur.info\/es\/wp-json\/wp\/v2\/media?parent=1266"}],"wp:term":[{"taxonomy":"category","embeddable":true,"href":"https:\/\/www.comunicatur.info\/es\/wp-json\/wp\/v2\/categories?post=1266"},{"taxonomy":"post_tag","embeddable":true,"href":"https:\/\/www.comunicatur.info\/es\/wp-json\/wp\/v2\/tags?post=1266"}],"curies":[{"name":"wp","href":"https:\/\/api.w.org\/{rel}","templated":true}]}}