{"id":12659,"date":"2018-09-05T00:00:40","date_gmt":"2018-09-04T22:00:40","guid":{"rendered":"https:\/\/comunicatur.info\/?p=12659"},"modified":"2018-09-04T15:35:49","modified_gmt":"2018-09-04T13:35:49","slug":"un-verano-complicado-para-el-turismo","status":"publish","type":"post","link":"https:\/\/www.comunicatur.info\/es\/un-verano-complicado-para-el-turismo\/","title":{"rendered":"Un verano complicado para el turismo"},"content":{"rendered":"<p>Los datos tur\u00edsticos de este verano encienden las luces de alerta en el sector tur\u00edstico. Las ca\u00eddas de las pernoctaciones en los meses de mayor actividad tur\u00edstica preocupa al sector. En el pico de la temporada los resultados no han sido buenos, incluso el mercado de trabajo se ha resentido durante el mes de agosto.<\/p>\n<p><!--more--><img class=\"alignright size-medium wp-image-12627\" src=\"https:\/\/www.comunicatur.info\/wp-content\/uploads\/2018\/08\/4.-MiM-Ibiza-Es-Viv\u00e9-5-300x200.jpg\" alt=\"\" width=\"300\" height=\"200\" srcset=\"https:\/\/www.comunicatur.info\/wp-content\/uploads\/2018\/08\/4.-MiM-Ibiza-Es-Viv\u00e9-5-300x200.jpg 300w, https:\/\/www.comunicatur.info\/wp-content\/uploads\/2018\/08\/4.-MiM-Ibiza-Es-Viv\u00e9-5-768x512.jpg 768w, https:\/\/www.comunicatur.info\/wp-content\/uploads\/2018\/08\/4.-MiM-Ibiza-Es-Viv\u00e9-5-1024x682.jpg 1024w, https:\/\/www.comunicatur.info\/wp-content\/uploads\/2018\/08\/4.-MiM-Ibiza-Es-Viv\u00e9-5-600x400.jpg 600w, https:\/\/www.comunicatur.info\/wp-content\/uploads\/2018\/08\/4.-MiM-Ibiza-Es-Viv\u00e9-5.jpg 1280w\" sizes=\"(max-width: 300px) 100vw, 300px\" \/>Los empresarios calculan que los establecimientos de alojamiento han tenido una ca\u00edda de la ocupaci\u00f3n de un 5% de media. Seg\u00fan el destino catal\u00e1n var\u00eda el porcentaje, en el caso de Barcelona se multiplica por dos. En el caso de Girona, la Federaci\u00f3n de Hosteler\u00eda afirma que no est\u00e1n cumpliendo las expectativas y que han tenido que hacer ofertas de \u00faltima hora para llenar.<\/p>\n<p>Hoteleros, restauradores y comerciantes coinciden en la desaceleraci\u00f3n de la actividad. Este balance negativo tambi\u00e9n afecta a otras comunidades aut\u00f3nomas del estado, aunque de forma menos acusada. La primera industria de Catalu\u00f1a y Espa\u00f1a podr\u00eda estar viviendo una parada del ciclo positivo del \u00faltimo lustro. Con los resultados actuales se anticipa una despedida a las cifras de r\u00e9cord.<\/p>\n<p>Un indicador positivo en este contexto general negativo es el comportamiento del gasto tur\u00edstico de los extranjeros. En este caso, los visitantes for\u00e1neos est\u00e1n dejando m\u00e1s ingresos en Catalu\u00f1a que en el a\u00f1o anterior. En el mes de julio creci\u00f3 el gasto de los extranjeros un 3,2% y el acumulado de enero a julio un 7,1%.<\/p>\n","protected":false},"excerpt":{"rendered":"<p>Los datos tur\u00edsticos de este verano encienden las luces de alerta en el sector tur\u00edstico. Las ca\u00eddas de las pernoctaciones en los meses de mayor actividad tur\u00edstica preocupa al sector. En el pico de la temporada los resultados no han sido buenos, incluso el mercado de trabajo se ha resentido durante el mes de agosto. &hellip;<\/p>\n","protected":false},"author":408,"featured_media":0,"comment_status":"closed","ping_status":"open","sticky":false,"template":"","format":"standard","meta":[],"categories":[74],"tags":[],"_links":{"self":[{"href":"https:\/\/www.comunicatur.info\/es\/wp-json\/wp\/v2\/posts\/12659"}],"collection":[{"href":"https:\/\/www.comunicatur.info\/es\/wp-json\/wp\/v2\/posts"}],"about":[{"href":"https:\/\/www.comunicatur.info\/es\/wp-json\/wp\/v2\/types\/post"}],"author":[{"embeddable":true,"href":"https:\/\/www.comunicatur.info\/es\/wp-json\/wp\/v2\/users\/408"}],"replies":[{"embeddable":true,"href":"https:\/\/www.comunicatur.info\/es\/wp-json\/wp\/v2\/comments?post=12659"}],"version-history":[{"count":1,"href":"https:\/\/www.comunicatur.info\/es\/wp-json\/wp\/v2\/posts\/12659\/revisions"}],"predecessor-version":[{"id":12660,"href":"https:\/\/www.comunicatur.info\/es\/wp-json\/wp\/v2\/posts\/12659\/revisions\/12660"}],"wp:attachment":[{"href":"https:\/\/www.comunicatur.info\/es\/wp-json\/wp\/v2\/media?parent=12659"}],"wp:term":[{"taxonomy":"category","embeddable":true,"href":"https:\/\/www.comunicatur.info\/es\/wp-json\/wp\/v2\/categories?post=12659"},{"taxonomy":"post_tag","embeddable":true,"href":"https:\/\/www.comunicatur.info\/es\/wp-json\/wp\/v2\/tags?post=12659"}],"curies":[{"name":"wp","href":"https:\/\/api.w.org\/{rel}","templated":true}]}}