{"id":12615,"date":"2018-08-28T00:00:17","date_gmt":"2018-08-27T22:00:17","guid":{"rendered":"https:\/\/comunicatur.info\/?p=12615"},"modified":"2018-08-07T13:43:40","modified_gmt":"2018-08-07T11:43:40","slug":"el-festival-de-musica-de-escalarre-sera-una-revolucion-para-los-pirineos","status":"publish","type":"post","link":"https:\/\/www.comunicatur.info\/es\/el-festival-de-musica-de-escalarre-sera-una-revolucion-para-los-pirineos\/","title":{"rendered":"El festival de m\u00fasica de Escalarre ser\u00e1 una revoluci\u00f3n para los Pirineos"},"content":{"rendered":"<p>Dentro de un a\u00f1o, el Pirineo de Lleida recuperar\u00e1 el m\u00edtico Doctor Music Festival en Escalarre que dejar\u00e1, en pocos d\u00edas, 100 millones de euros.<!--more--><\/p>\n<p><img class=\"alignright size-medium wp-image-12612\" src=\"https:\/\/www.comunicatur.info\/wp-content\/uploads\/2018\/08\/Escalarre_Pirineus-300x168.jpg\" alt=\"\" width=\"300\" height=\"168\" srcset=\"https:\/\/www.comunicatur.info\/wp-content\/uploads\/2018\/08\/Escalarre_Pirineus-300x168.jpg 300w, https:\/\/www.comunicatur.info\/wp-content\/uploads\/2018\/08\/Escalarre_Pirineus-600x335.jpg 600w, https:\/\/www.comunicatur.info\/wp-content\/uploads\/2018\/08\/Escalarre_Pirineus.jpg 634w\" sizes=\"(max-width: 300px) 100vw, 300px\" \/>El macroconcierto, previsto del 12 al 14 de julio de 2019, reunir\u00e1 a m\u00e1s de 50.000 personas cada d\u00eda y movilizar\u00e1 a todo el sector tur\u00edstico de la zona de Valls d\u2019\u00c0neu. En unos prados en medio de los pirineos se instalar\u00e1n 5 escenarios por donde pasar\u00e1n unos ochenta artistas.<\/p>\n<p>El evento contar\u00e1 con 2.000 personas trabajando antes, durante y despu\u00e9s del macroconcierto, por lo que los alojamientos de la zona tienen garantizada una buena ocupaci\u00f3n.<\/p>\n<p>A\u00fan no se conoce el cartel de m\u00fasicos internacionales que participar\u00e1n pero los promotores explican que ya est\u00e1n vendiendo los primeros abonos. Se trata de un festival que se dej\u00f3 de celebrar hace 20 a\u00f1os y que cuenta con el apoyo de todas las administraciones, conscientes de la aportaci\u00f3n que tiene sobre el PIB de esta comarca de monta\u00f1a (Pallars Sobir\u00e0). Seg\u00fan el resultado de este primer festival en la segunda etapa de vida del Doctor Music los organizadores decidir\u00e1n sobre nuevas ediciones.<\/p>\n","protected":false},"excerpt":{"rendered":"<p>Dentro de un a\u00f1o, el Pirineo de Lleida recuperar\u00e1 el m\u00edtico Doctor Music Festival en Escalarre que dejar\u00e1, en pocos d\u00edas, 100 millones de euros. El macroconcierto, previsto del 12 al 14 de julio de 2019, reunir\u00e1 a m\u00e1s de 50.000 personas cada d\u00eda y movilizar\u00e1 a todo el sector tur\u00edstico de la zona de &hellip;<\/p>\n","protected":false},"author":408,"featured_media":0,"comment_status":"closed","ping_status":"open","sticky":false,"template":"","format":"standard","meta":[],"categories":[62],"tags":[],"_links":{"self":[{"href":"https:\/\/www.comunicatur.info\/es\/wp-json\/wp\/v2\/posts\/12615"}],"collection":[{"href":"https:\/\/www.comunicatur.info\/es\/wp-json\/wp\/v2\/posts"}],"about":[{"href":"https:\/\/www.comunicatur.info\/es\/wp-json\/wp\/v2\/types\/post"}],"author":[{"embeddable":true,"href":"https:\/\/www.comunicatur.info\/es\/wp-json\/wp\/v2\/users\/408"}],"replies":[{"embeddable":true,"href":"https:\/\/www.comunicatur.info\/es\/wp-json\/wp\/v2\/comments?post=12615"}],"version-history":[{"count":1,"href":"https:\/\/www.comunicatur.info\/es\/wp-json\/wp\/v2\/posts\/12615\/revisions"}],"predecessor-version":[{"id":12616,"href":"https:\/\/www.comunicatur.info\/es\/wp-json\/wp\/v2\/posts\/12615\/revisions\/12616"}],"wp:attachment":[{"href":"https:\/\/www.comunicatur.info\/es\/wp-json\/wp\/v2\/media?parent=12615"}],"wp:term":[{"taxonomy":"category","embeddable":true,"href":"https:\/\/www.comunicatur.info\/es\/wp-json\/wp\/v2\/categories?post=12615"},{"taxonomy":"post_tag","embeddable":true,"href":"https:\/\/www.comunicatur.info\/es\/wp-json\/wp\/v2\/tags?post=12615"}],"curies":[{"name":"wp","href":"https:\/\/api.w.org\/{rel}","templated":true}]}}