{"id":12607,"date":"2018-08-21T00:00:06","date_gmt":"2018-08-20T22:00:06","guid":{"rendered":"https:\/\/comunicatur.info\/?p=12607"},"modified":"2018-08-07T13:31:42","modified_gmt":"2018-08-07T11:31:42","slug":"11-equipamientos-del-alt-penedes-nuevos-puntos-de-informacion-turistica","status":"publish","type":"post","link":"https:\/\/www.comunicatur.info\/es\/11-equipamientos-del-alt-penedes-nuevos-puntos-de-informacion-turistica\/","title":{"rendered":"11 equipamientos del Alt Pened\u00e8s, nuevos Puntos de Informaci\u00f3n Tur\u00edstica"},"content":{"rendered":"<p>La Diputaci\u00f3n de Barcelona acaba de acreditar a once equipamientos de la comarca del Alt Pened\u00e8s como Puntos de Informaci\u00f3n Tur\u00edstica. Con estas nuevas acreditaciones ya son 31 los puntos de la comarca y llegan a 400 los que encontramos en la demarcaci\u00f3n de Barcelona.<!--more--><\/p>\n<p><img class=\"alignright size-full wp-image-12604\" src=\"https:\/\/www.comunicatur.info\/wp-content\/uploads\/2018\/08\/ALT-PENED\u00c8S_PUNTS-INFO.jpg\" alt=\"\" width=\"227\" height=\"151\" \/>Recordemos que esta iniciativa, que impulsa la Diputaci\u00f3n desde hace unos a\u00f1os, tiene el objetivo de dotar a las comarcas de un gran n\u00famero de puntos informativos, para mejorar la informaci\u00f3n tur\u00edstica que se ofrece en el territorio y crear una verdadera red informativa p\u00fablico-privada. Para ello las entidades y equipamientos deben seguir un curso, tras el cual consiguen la acreditaci\u00f3n. <a href=\"https:\/\/www.comunicatur.info\/es\/36-empresas-del-maresme-ya-son-puntos-de-inforamcion-tursitica\/\"><em>Ver noticia en Comunicatur<\/em><\/a>.<\/p>\n<p>La acreditaci\u00f3n tambi\u00e9n reconoce que los establecimientos y servicios tur\u00edsticos que la obtienen son conocedores de la oferta y los servicios tur\u00edsticos de toda la comarca y pueden ser prescriptores de su propio territorio.<\/p>\n<p>Los 11 nuevos equipamientos del Alt Pened\u00e8s son:<\/p>\n<ul>\n<li>Bodegas Sumarroca \u2013 bodega<\/li>\n<li>Cellers de Can Suriol del Castell \u2013 bodega<\/li>\n<li>Cal Tuy\u00e0 \u2013 alojamiento<\/li>\n<li>EnoBicingPened\u00e8s \u2013 Servicio de alquiler de bicicletas<\/li>\n<li>Cal Negri \u2013 alojamiento<\/li>\n<li>Xerigots Vilafranca \u2013 tienda especializada<\/li>\n<li>Les Deus \u2013 restaurante<\/li>\n<li>12 DO\u2019s Vins i caves catalans \u2013 enoteca<\/li>\n<li>Masia Can Canyes \u2013 casa rural &amp; Spa<\/li>\n<li>Clos d\u2019en Pep &#8211; restaurante<\/li>\n<li>Cal Cols \u2013 casa rural<\/li>\n<\/ul>\n<p>Adem\u00e1s de las nuevas incorporaciones del Alt Pened\u00e8s, en lo que llevamos de a\u00f1o 2018. Se han realizado nuevas ediciones en el Bages (31), el Baix Llobregat (22), el Bergued\u00e0 (23), el Garraf (14), el Maresme (12) i el Vall\u00e8s Occidental (15).<\/p>\n","protected":false},"excerpt":{"rendered":"<p>La Diputaci\u00f3n de Barcelona acaba de acreditar a once equipamientos de la comarca del Alt Pened\u00e8s como Puntos de Informaci\u00f3n Tur\u00edstica. Con estas nuevas acreditaciones ya son 31 los puntos de la comarca y llegan a 400 los que encontramos en la demarcaci\u00f3n de Barcelona. Recordemos que esta iniciativa, que impulsa la Diputaci\u00f3n desde hace &hellip;<\/p>\n","protected":false},"author":408,"featured_media":0,"comment_status":"closed","ping_status":"open","sticky":false,"template":"","format":"standard","meta":[],"categories":[61,62],"tags":[],"_links":{"self":[{"href":"https:\/\/www.comunicatur.info\/es\/wp-json\/wp\/v2\/posts\/12607"}],"collection":[{"href":"https:\/\/www.comunicatur.info\/es\/wp-json\/wp\/v2\/posts"}],"about":[{"href":"https:\/\/www.comunicatur.info\/es\/wp-json\/wp\/v2\/types\/post"}],"author":[{"embeddable":true,"href":"https:\/\/www.comunicatur.info\/es\/wp-json\/wp\/v2\/users\/408"}],"replies":[{"embeddable":true,"href":"https:\/\/www.comunicatur.info\/es\/wp-json\/wp\/v2\/comments?post=12607"}],"version-history":[{"count":1,"href":"https:\/\/www.comunicatur.info\/es\/wp-json\/wp\/v2\/posts\/12607\/revisions"}],"predecessor-version":[{"id":12608,"href":"https:\/\/www.comunicatur.info\/es\/wp-json\/wp\/v2\/posts\/12607\/revisions\/12608"}],"wp:attachment":[{"href":"https:\/\/www.comunicatur.info\/es\/wp-json\/wp\/v2\/media?parent=12607"}],"wp:term":[{"taxonomy":"category","embeddable":true,"href":"https:\/\/www.comunicatur.info\/es\/wp-json\/wp\/v2\/categories?post=12607"},{"taxonomy":"post_tag","embeddable":true,"href":"https:\/\/www.comunicatur.info\/es\/wp-json\/wp\/v2\/tags?post=12607"}],"curies":[{"name":"wp","href":"https:\/\/api.w.org\/{rel}","templated":true}]}}