{"id":1260,"date":"2009-04-22T00:00:00","date_gmt":"2009-04-22T00:00:00","guid":{"rendered":"https:\/\/comunicatur.info\/catalunya-inicia-amb-la-diada-la-promocio-turistica-en-el-mercat-frances-2\/"},"modified":"2009-04-22T00:00:00","modified_gmt":"2009-04-22T00:00:00","slug":"catalunya-inicia-amb-la-diada-la-promocio-turistica-en-el-mercat-frances-2","status":"publish","type":"post","link":"https:\/\/www.comunicatur.info\/es\/catalunya-inicia-amb-la-diada-la-promocio-turistica-en-el-mercat-frances-2\/","title":{"rendered":"Catalu\u00f1a inicia con la Diada su promoci\u00f3n en Francia"},"content":{"rendered":"<p>Turismo de Catalu\u00f1a inaugurar\u00e1 la campa\u00f1a de promoci\u00f3n tur\u00edstica en el mercado franc\u00e9s con la celebraci\u00f3n de la Diada de Sant Jordi el 23 de abril en Toulouse, donde tendr\u00e1 lugar un programa de actos especial para esta fiesta, conocida como la diada de la rosa y el libro. <\/p>\n<p><\/p>\n<p>Esta celebraci\u00f3n servir\u00e1 como inicio de la campa\u00f1a que la Generalitat tiene previsto hacer hasta el 31 de mayo en la regi\u00f3n francesa de Midi Pyr\u00e9n\u00e9es, ya que Francia es el principal mercado emisor de turistas hacia Catalunya -con 4,2 millones de visitantes anuales- y objetivo prioritario del Govern para este a\u00f1o, marcado por la crisis econ\u00f3mica que prev\u00e9 reducir la llegada de visitantes extranjeros a la comunidad. <\/p>\n<p>As\u00ed, el jueves 23 de abril Toulouse acoge una muestra de actividades catalanas: una exhibici\u00f3n castellera de la Colla Vella de los Xiquets de Valls (Tarragona), maquetes de \u201cCatalu\u00f1a en Miniatura\u201d y el tradicional reparto de rosas y libros de Sant Jordi. <\/p>\n<p>El consejero de Turismo, Josep Huguet, explic\u00f3 que en este primer semestre de 2009 \u201cTurismo de Catalunya centrar\u00e1 sus acciones de promoci\u00f3n en Francia, en el que ser\u00e1 el A\u00f1o de Catalu\u00f1a en el Sur de Francia\u201d. Huguet coment\u00f3 que las acciones promocionales se extender\u00e1n hasta el 2011. <\/p>\n<p>Los productos que tendr\u00e1n prioridad promocional en el mercado franc\u00e9s ser\u00e1n: el turismo cultural, gastron\u00f3mico, cient\u00edfico e industrial, y activo y de naturaleza. En este sentido, el 28 de abril se llevar\u00e1 celebra  en Toulouse un workshop sobre turismo activo, que permitir\u00e1 a los empresarios catalanes vender su producto a los operadores tur\u00edsticos franceses. \/ Ag. EP &#8211; Comunicatur<\/p>\n","protected":false},"excerpt":{"rendered":"<p>Turismo de Catalu\u00f1a inaugurar\u00e1 la campa\u00f1a de promoci\u00f3n tur\u00edstica en el mercado franc\u00e9s con la celebraci\u00f3n de la Diada de Sant Jordi el 23 de abril en Toulouse, donde tendr\u00e1 lugar un programa de actos especial para esta fiesta, conocida como la diada de la rosa y el libro. <\/p>\n","protected":false},"author":1,"featured_media":0,"comment_status":"close","ping_status":"open","sticky":false,"template":"","format":"standard","meta":[],"categories":[34],"tags":[],"_links":{"self":[{"href":"https:\/\/www.comunicatur.info\/es\/wp-json\/wp\/v2\/posts\/1260"}],"collection":[{"href":"https:\/\/www.comunicatur.info\/es\/wp-json\/wp\/v2\/posts"}],"about":[{"href":"https:\/\/www.comunicatur.info\/es\/wp-json\/wp\/v2\/types\/post"}],"author":[{"embeddable":true,"href":"https:\/\/www.comunicatur.info\/es\/wp-json\/wp\/v2\/users\/1"}],"replies":[{"embeddable":true,"href":"https:\/\/www.comunicatur.info\/es\/wp-json\/wp\/v2\/comments?post=1260"}],"version-history":[{"count":0,"href":"https:\/\/www.comunicatur.info\/es\/wp-json\/wp\/v2\/posts\/1260\/revisions"}],"wp:attachment":[{"href":"https:\/\/www.comunicatur.info\/es\/wp-json\/wp\/v2\/media?parent=1260"}],"wp:term":[{"taxonomy":"category","embeddable":true,"href":"https:\/\/www.comunicatur.info\/es\/wp-json\/wp\/v2\/categories?post=1260"},{"taxonomy":"post_tag","embeddable":true,"href":"https:\/\/www.comunicatur.info\/es\/wp-json\/wp\/v2\/tags?post=1260"}],"curies":[{"name":"wp","href":"https:\/\/api.w.org\/{rel}","templated":true}]}}