{"id":12573,"date":"2018-08-03T20:23:30","date_gmt":"2018-08-03T18:23:30","guid":{"rendered":"https:\/\/comunicatur.info\/?p=12573"},"modified":"2018-08-03T20:23:30","modified_gmt":"2018-08-03T18:23:30","slug":"fc-barcelona-promociona-cataluna-durante-la-gira-de-pretemporada-en-estados-unidos","status":"publish","type":"post","link":"https:\/\/www.comunicatur.info\/es\/fc-barcelona-promociona-cataluna-durante-la-gira-de-pretemporada-en-estados-unidos\/","title":{"rendered":"FC Barcelona promociona Catalu\u00f1a durante la gira de pretemporada en Estados Unidos"},"content":{"rendered":"<p>La marca tur\u00edstica Catalu\u00f1a est\u00e1 presente en el polo de paseo del FC Barcelona y de su staff, en los campos de entrenamiento y los fondos publicitarios de las ruedas de prensa, entre otros soportes gr\u00e1ficos durante este verano. El FC Barcelona (FCB) y la Generalidad de Catalu\u00f1a, a trav\u00e9s de la Agencia Catalana de Turismo (ACT) han acordado hacer promoci\u00f3n tur\u00edstica conjunta este mes de agosto en Estados Unidos.<\/p>\n<p><!--more--><img class=\"alignright size-medium wp-image-12570\" src=\"https:\/\/www.comunicatur.info\/wp-content\/uploads\/2018\/08\/FCBarcelona-300x169.jpg\" alt=\"\" width=\"300\" height=\"169\" srcset=\"https:\/\/www.comunicatur.info\/wp-content\/uploads\/2018\/08\/FCBarcelona-300x169.jpg 300w, https:\/\/www.comunicatur.info\/wp-content\/uploads\/2018\/08\/FCBarcelona-768x432.jpg 768w, https:\/\/www.comunicatur.info\/wp-content\/uploads\/2018\/08\/FCBarcelona-1024x576.jpg 1024w, https:\/\/www.comunicatur.info\/wp-content\/uploads\/2018\/08\/FCBarcelona-600x338.jpg 600w\" sizes=\"(max-width: 300px) 100vw, 300px\" \/>La ACT aprovecha el gran conocimiento del equipo azulgrana para potenciar la visibilidad del destino catal\u00e1n entre el p\u00fablico estadounidense. Concretamente durante los partidos del Bar\u00e7a de la gira de pretemporada en Los \u00c1ngeles, Dallas y Santa Clara en el marco de la International Champions Cup, contra el Tottenham, el AS Roma y el AC Milan, respectivamente.<\/p>\n<p>Entre los meses de enero y mayo de 2018 han visitado Catalu\u00f1a m\u00e1s de 448.774 turistas estadounidenses, lo que supone un aumento del 31,5% respecto del mismo per\u00edodo del a\u00f1o pasado. Adem\u00e1s, tambi\u00e9n en estos primeros meses del a\u00f1o, se sit\u00faa como el primer mercado emisor en volumen de gasto en Catalu\u00f1a con 293 millones de euros, un 32,9% m\u00e1s que en el mismo periodo de 2017, informa la ACT.<\/p>\n<p>El director de la ACT, Xavier Espasa, ha declarado que \u201cel acuerdo de partenariado de la Agencia Catalana de Turismo con el FC Barcelona, \u200b\u200bvigente desde 2012, permite impulsar la promoci\u00f3n de Barcelona y Catalu\u00f1a en un mercado tan importante como Estados Unidos, clave por la calidad del turismo y el alto gasto que aporta a nuestro destino.\u00bb<\/p>\n<p>Vinculada a esta actividad en EEUU, el organismo de promoci\u00f3n tambi\u00e9n tiene previsto un encuentro con la directiva de Virtuoso, empresa que cuenta con la red l\u00edder en la industria de viajes de lujo a nivel mundial con m\u00e1s de 17.500 agentes.<\/p>\n","protected":false},"excerpt":{"rendered":"<p>La marca tur\u00edstica Catalu\u00f1a est\u00e1 presente en el polo de paseo del FC Barcelona y de su staff, en los campos de entrenamiento y los fondos publicitarios de las ruedas de prensa, entre otros soportes gr\u00e1ficos durante este verano. El FC Barcelona (FCB) y la Generalidad de Catalu\u00f1a, a trav\u00e9s de la Agencia Catalana de &hellip;<\/p>\n","protected":false},"author":408,"featured_media":0,"comment_status":"closed","ping_status":"open","sticky":false,"template":"","format":"standard","meta":[],"categories":[62,64],"tags":[],"_links":{"self":[{"href":"https:\/\/www.comunicatur.info\/es\/wp-json\/wp\/v2\/posts\/12573"}],"collection":[{"href":"https:\/\/www.comunicatur.info\/es\/wp-json\/wp\/v2\/posts"}],"about":[{"href":"https:\/\/www.comunicatur.info\/es\/wp-json\/wp\/v2\/types\/post"}],"author":[{"embeddable":true,"href":"https:\/\/www.comunicatur.info\/es\/wp-json\/wp\/v2\/users\/408"}],"replies":[{"embeddable":true,"href":"https:\/\/www.comunicatur.info\/es\/wp-json\/wp\/v2\/comments?post=12573"}],"version-history":[{"count":1,"href":"https:\/\/www.comunicatur.info\/es\/wp-json\/wp\/v2\/posts\/12573\/revisions"}],"predecessor-version":[{"id":12574,"href":"https:\/\/www.comunicatur.info\/es\/wp-json\/wp\/v2\/posts\/12573\/revisions\/12574"}],"wp:attachment":[{"href":"https:\/\/www.comunicatur.info\/es\/wp-json\/wp\/v2\/media?parent=12573"}],"wp:term":[{"taxonomy":"category","embeddable":true,"href":"https:\/\/www.comunicatur.info\/es\/wp-json\/wp\/v2\/categories?post=12573"},{"taxonomy":"post_tag","embeddable":true,"href":"https:\/\/www.comunicatur.info\/es\/wp-json\/wp\/v2\/tags?post=12573"}],"curies":[{"name":"wp","href":"https:\/\/api.w.org\/{rel}","templated":true}]}}