{"id":12562,"date":"2018-08-30T00:00:58","date_gmt":"2018-08-29T22:00:58","guid":{"rendered":"https:\/\/comunicatur.info\/?p=12562"},"modified":"2018-08-07T13:35:27","modified_gmt":"2018-08-07T11:35:27","slug":"los-profesionales-del-sector-prefieren-la-prensa-especializada-la-generalista","status":"publish","type":"post","link":"https:\/\/www.comunicatur.info\/es\/los-profesionales-del-sector-prefieren-la-prensa-especializada-la-generalista\/","title":{"rendered":"Los profesionales del sector prefieren la prensa especializada a la generalista"},"content":{"rendered":"<p>Los medios de comunicaci\u00f3n especializados, como Comunicatur, son los preferidos por los agentes de viajes del sector tur\u00edstico para informarse, seg\u00fan la encuesta realizada por ObservaTUR (Observatorio Nacional del Turismo Emisor)<!--more--><\/p>\n<p><img class=\"alignright size-medium wp-image-12556\" src=\"https:\/\/www.comunicatur.info\/wp-content\/uploads\/2018\/07\/observatur-300x180.jpg\" alt=\"\" width=\"300\" height=\"180\" srcset=\"https:\/\/www.comunicatur.info\/wp-content\/uploads\/2018\/07\/observatur-300x180.jpg 300w, https:\/\/www.comunicatur.info\/wp-content\/uploads\/2018\/07\/observatur-768x461.jpg 768w, https:\/\/www.comunicatur.info\/wp-content\/uploads\/2018\/07\/observatur-600x360.jpg 600w, https:\/\/www.comunicatur.info\/wp-content\/uploads\/2018\/07\/observatur.jpg 953w\" sizes=\"(max-width: 300px) 100vw, 300px\" \/>Hasta un 67% de los agentes de viajes encuestados se decantan por los medios sectoriales para estar informados de la actualidad que m\u00e1s les incumbe. S\u00f3lo un 7% dice que utiliza las publicaciones generalistas de forma habitual para informarse de lo que acontece a nivel sectorial.<\/p>\n<p><img class=\"alignright size-medium wp-image-12557\" src=\"https:\/\/www.comunicatur.info\/wp-content\/uploads\/2018\/07\/newsletter264-300x162.jpg\" alt=\"\" width=\"300\" height=\"162\" srcset=\"https:\/\/www.comunicatur.info\/wp-content\/uploads\/2018\/07\/newsletter264-300x162.jpg 300w, https:\/\/www.comunicatur.info\/wp-content\/uploads\/2018\/07\/newsletter264-768x414.jpg 768w, https:\/\/www.comunicatur.info\/wp-content\/uploads\/2018\/07\/newsletter264-1024x553.jpg 1024w, https:\/\/www.comunicatur.info\/wp-content\/uploads\/2018\/07\/newsletter264-600x324.jpg 600w, https:\/\/www.comunicatur.info\/wp-content\/uploads\/2018\/07\/newsletter264.jpg 1920w\" sizes=\"(max-width: 300px) 100vw, 300px\" \/>Las redes sociales, como el perfil Twitter de <a href=\"http:\/\/www.twitter.com\/comunicatur\" target=\"_blank\" rel=\"noopener\">@comunicatur<\/a> con 12.000 seguidores, tambi\u00e9n son para los profesionales del turismo una fuente de informaci\u00f3n destacada. La encuesta, que se ha realizado a 300 agencias, tambi\u00e9n revela que las newsletters de los proveedores es un canal muy apreciado ya que seis de cada 10 consultados las consideran su opci\u00f3n favorita.<\/p>\n","protected":false},"excerpt":{"rendered":"<p>Los medios de comunicaci\u00f3n especializados, como Comunicatur, son los preferidos por los agentes de viajes del sector tur\u00edstico para informarse, seg\u00fan la encuesta realizada por ObservaTUR (Observatorio Nacional del Turismo Emisor) Hasta un 67% de los agentes de viajes encuestados se decantan por los medios sectoriales para estar informados de la actualidad que m\u00e1s les &hellip;<\/p>\n","protected":false},"author":408,"featured_media":0,"comment_status":"closed","ping_status":"open","sticky":false,"template":"","format":"standard","meta":[],"categories":[74],"tags":[],"_links":{"self":[{"href":"https:\/\/www.comunicatur.info\/es\/wp-json\/wp\/v2\/posts\/12562"}],"collection":[{"href":"https:\/\/www.comunicatur.info\/es\/wp-json\/wp\/v2\/posts"}],"about":[{"href":"https:\/\/www.comunicatur.info\/es\/wp-json\/wp\/v2\/types\/post"}],"author":[{"embeddable":true,"href":"https:\/\/www.comunicatur.info\/es\/wp-json\/wp\/v2\/users\/408"}],"replies":[{"embeddable":true,"href":"https:\/\/www.comunicatur.info\/es\/wp-json\/wp\/v2\/comments?post=12562"}],"version-history":[{"count":2,"href":"https:\/\/www.comunicatur.info\/es\/wp-json\/wp\/v2\/posts\/12562\/revisions"}],"predecessor-version":[{"id":12565,"href":"https:\/\/www.comunicatur.info\/es\/wp-json\/wp\/v2\/posts\/12562\/revisions\/12565"}],"wp:attachment":[{"href":"https:\/\/www.comunicatur.info\/es\/wp-json\/wp\/v2\/media?parent=12562"}],"wp:term":[{"taxonomy":"category","embeddable":true,"href":"https:\/\/www.comunicatur.info\/es\/wp-json\/wp\/v2\/categories?post=12562"},{"taxonomy":"post_tag","embeddable":true,"href":"https:\/\/www.comunicatur.info\/es\/wp-json\/wp\/v2\/tags?post=12562"}],"curies":[{"name":"wp","href":"https:\/\/api.w.org\/{rel}","templated":true}]}}