{"id":1254,"date":"2009-05-20T00:00:00","date_gmt":"2009-05-20T00:00:00","guid":{"rendered":"https:\/\/comunicatur.info\/la-formacio-un-valor-a-lalca-en-temps-de-crisi-2\/"},"modified":"2009-05-20T00:00:00","modified_gmt":"2009-05-20T00:00:00","slug":"la-formacio-un-valor-a-lalca-en-temps-de-crisi-2","status":"publish","type":"post","link":"https:\/\/www.comunicatur.info\/es\/la-formacio-un-valor-a-lalca-en-temps-de-crisi-2\/","title":{"rendered":"La formaci\u00f3n, un valor en tiempo de crisis"},"content":{"rendered":"<p>En tiempo de crisis la formaci\u00f3n y el reciclaje de los profesionales del turismo est\u00e1 ganando valor. Son muchas las instituciones que han apostado por formar a los trabajadores para mejorar la competitividad del sector. Se trata de una opci\u00f3n que toma relevancia en momentos de crisis. <\/p>\n<p><\/p>\n<p>La Generalitat de catalunya tiene previsto potenciar el programa PROFIT, dirigido a la formaci\u00f3n de trabajadores de la restauraci\u00f3n para atender y satisfacer mejor las necesidades de la clientela. Para este a\u00f1o 2009 se ampliar\u00e1 al sector hotelero. En total esperan que unos 3.000 alumnos \u2013profesionales en activo de la hoteler\u00eda y la restauraci\u00f3n, entre otros sectores- participen en estos cursos. En 2008, unos 700 alumnos de 189 restaurantes catalanes participaron en alguno de los cursos. <\/p>\n<p>Estos cursos tambi\u00e9n tienen como objetivo garantizar un conocimiento suficiente del catal\u00e1n para poder atender al cliente en esta lengua. De hecho, en la \u00faltima edici\u00f3n los alumnos pertenec\u00edan a 42 nacionalidades diferentes. La superaci\u00f3n del curso da derecho a un certificado de las competencias logradas por parte de la Secretar\u00eda de Comercio y Turismo. <\/p>\n<p>Por otro lado, la Generalitat ha querido destacar la calidad y utilidad de los cursos ya que los alumnos los han valorado con una nota media de 9,26. Otro dato significativo es el bajo nivel de abandono de los cursos que ha sido tan s\u00f3lo de un 6,62%.<\/p>\n<p>Otro ejemplo de la relaci\u00f3n entre formaci\u00f3n y empresa la protagoniza el CETT, centro adscrito a la Universitat de Barcelona. Anualmente celebra el Encuentro Escuela+Universidad+Empresa para conseguir un mayor acercamiento entre los estudiantes, los antiguos alumnos y el mundo empresarial de la hoteler\u00eda y el turismo. <\/p>\n<p>En la \u00faltima edici\u00f3n 41 empresas tuvieron la oportunidad de establecer una relaci\u00f3n personal y un contacto directo con los m\u00e1s de 700 profesionales y futuros profesionales del sector. CETT ha contabilizado unas 800 entrevistas personalizadas entre profesionales y empresa. <\/p>\n<p>En esta misma l\u00ednea se manifiesta Turijobs, web especializada en empleo en el sector tur\u00edstico, que apuesta por la formaci\u00f3n ante el retroceso de la oferta laboral. Turijobs ha anunciado que, al igual que la mayor\u00eda de la actividad econ\u00f3mica, el trabajo en el sector tur\u00edstico est\u00e1 registrando un \u00abimportante\u00bb retroceso con la reducci\u00f3n de las ofertas laborales hasta vol\u00famenes m\u00ednimos\u00bb. Turijobs destac\u00f3 el crecimiento en un mes del 500% de las visitas a su &#8216;Canal de Formaci\u00f3n&#8217; . Seg\u00fan el web la formaci\u00f3n es un signo de diferenciaci\u00f3n para los candidatos que optan a un empleo en el sector.<\/p>\n","protected":false},"excerpt":{"rendered":"<p>En tiempo de crisis la formaci\u00f3n y el reciclaje de los profesionales del turismo est\u00e1 ganando valor. Son muchas las instituciones que han apostado por formar a los trabajadores para mejorar la competitividad del sector. Se trata de una opci\u00f3n que toma relevancia en momentos de crisis. <\/p>\n","protected":false},"author":1,"featured_media":0,"comment_status":"close","ping_status":"open","sticky":false,"template":"","format":"standard","meta":[],"categories":[152],"tags":[],"_links":{"self":[{"href":"https:\/\/www.comunicatur.info\/es\/wp-json\/wp\/v2\/posts\/1254"}],"collection":[{"href":"https:\/\/www.comunicatur.info\/es\/wp-json\/wp\/v2\/posts"}],"about":[{"href":"https:\/\/www.comunicatur.info\/es\/wp-json\/wp\/v2\/types\/post"}],"author":[{"embeddable":true,"href":"https:\/\/www.comunicatur.info\/es\/wp-json\/wp\/v2\/users\/1"}],"replies":[{"embeddable":true,"href":"https:\/\/www.comunicatur.info\/es\/wp-json\/wp\/v2\/comments?post=1254"}],"version-history":[{"count":0,"href":"https:\/\/www.comunicatur.info\/es\/wp-json\/wp\/v2\/posts\/1254\/revisions"}],"wp:attachment":[{"href":"https:\/\/www.comunicatur.info\/es\/wp-json\/wp\/v2\/media?parent=1254"}],"wp:term":[{"taxonomy":"category","embeddable":true,"href":"https:\/\/www.comunicatur.info\/es\/wp-json\/wp\/v2\/categories?post=1254"},{"taxonomy":"post_tag","embeddable":true,"href":"https:\/\/www.comunicatur.info\/es\/wp-json\/wp\/v2\/tags?post=1254"}],"curies":[{"name":"wp","href":"https:\/\/api.w.org\/{rel}","templated":true}]}}