{"id":12496,"date":"2018-08-23T00:00:16","date_gmt":"2018-08-22T22:00:16","guid":{"rendered":"https:\/\/comunicatur.info\/?p=12496"},"modified":"2018-08-03T20:45:35","modified_gmt":"2018-08-03T18:45:35","slug":"el-buceo-en-la-costa-catalana-atrae-turismo-de-todo-el-mundo","status":"publish","type":"post","link":"https:\/\/www.comunicatur.info\/es\/el-buceo-en-la-costa-catalana-atrae-turismo-de-todo-el-mundo\/","title":{"rendered":"El buceo en la costa catalana atrae turismo de todo el mundo"},"content":{"rendered":"<p>El patrimonio subacu\u00e1tico del litoral catal\u00e1n se ha convertido en un atractivo tur\u00edstico para muchos practicantes del buceo. En el mundo hay un mercado de cerca de 30 millones de aficionados al submarinismo.<!--more--><\/p>\n<p><img class=\"alignright size-medium wp-image-12492\" src=\"https:\/\/www.comunicatur.info\/wp-content\/uploads\/2018\/07\/submarinisme-300x244.jpg\" alt=\"\" width=\"300\" height=\"244\" srcset=\"https:\/\/www.comunicatur.info\/wp-content\/uploads\/2018\/07\/submarinisme-300x244.jpg 300w, https:\/\/www.comunicatur.info\/wp-content\/uploads\/2018\/07\/submarinisme-768x623.jpg 768w, https:\/\/www.comunicatur.info\/wp-content\/uploads\/2018\/07\/submarinisme-1024x831.jpg 1024w, https:\/\/www.comunicatur.info\/wp-content\/uploads\/2018\/07\/submarinisme-600x487.jpg 600w\" sizes=\"(max-width: 300px) 100vw, 300px\" \/>S\u00f3lo en la Costa Brava hay contabilizadas 140 mil inmersiones al a\u00f1o y ahora una docena de municipios gerundenses incentivan la sostenibilidad de la actividad. Tienen claro que el recurso se debe preservar para que mantenga su atractivo y por ello iniciar\u00e1n en la formaci\u00f3n a los monitores, responsables de centros marinos y gu\u00edas submarinos para que las inmersiones sean respetuosas.<\/p>\n<p>El espacio marino es muy fr\u00e1gil, un ejemplo es el coral, muy atractivo para los visitantes pero que requiere de una especial protecci\u00f3n. Ser\u00e1 en la Costa Brava donde los instructores, despu\u00e9s de pasar esta formaci\u00f3n, se convertir\u00e1n en algo m\u00e1s que un monitor. La intenci\u00f3n es que sean gu\u00edas submarinos que transmitan el valor marino, m\u00e1s all\u00e1 de la pr\u00e1ctica deportiva.<\/p>\n<p>Esta formaci\u00f3n tambi\u00e9n debe permitirles organizar mejor las inmersiones. La acumulaci\u00f3n de practicantes est\u00e1 llevando la actividad al l\u00edmite en algunas zonas. Los gu\u00edas acompa\u00f1antes podr\u00e1n coordinar a los grupos, solucionar conflictos y aplicar buenas pr\u00e1cticas.<\/p>\n<p>El turismo submarino en la Costa Brava se practica en muchos casos en espacios de protecci\u00f3n como los parques naturales del Cap de Creus y las Islas Medes, el del Montgr\u00ed.<\/p>\n","protected":false},"excerpt":{"rendered":"<p>El patrimonio subacu\u00e1tico del litoral catal\u00e1n se ha convertido en un atractivo tur\u00edstico para muchos practicantes del buceo. En el mundo hay un mercado de cerca de 30 millones de aficionados al submarinismo. S\u00f3lo en la Costa Brava hay contabilizadas 140 mil inmersiones al a\u00f1o y ahora una docena de municipios gerundenses incentivan la sostenibilidad &hellip;<\/p>\n","protected":false},"author":408,"featured_media":0,"comment_status":"closed","ping_status":"open","sticky":false,"template":"","format":"standard","meta":[],"categories":[62],"tags":[],"_links":{"self":[{"href":"https:\/\/www.comunicatur.info\/es\/wp-json\/wp\/v2\/posts\/12496"}],"collection":[{"href":"https:\/\/www.comunicatur.info\/es\/wp-json\/wp\/v2\/posts"}],"about":[{"href":"https:\/\/www.comunicatur.info\/es\/wp-json\/wp\/v2\/types\/post"}],"author":[{"embeddable":true,"href":"https:\/\/www.comunicatur.info\/es\/wp-json\/wp\/v2\/users\/408"}],"replies":[{"embeddable":true,"href":"https:\/\/www.comunicatur.info\/es\/wp-json\/wp\/v2\/comments?post=12496"}],"version-history":[{"count":1,"href":"https:\/\/www.comunicatur.info\/es\/wp-json\/wp\/v2\/posts\/12496\/revisions"}],"predecessor-version":[{"id":12497,"href":"https:\/\/www.comunicatur.info\/es\/wp-json\/wp\/v2\/posts\/12496\/revisions\/12497"}],"wp:attachment":[{"href":"https:\/\/www.comunicatur.info\/es\/wp-json\/wp\/v2\/media?parent=12496"}],"wp:term":[{"taxonomy":"category","embeddable":true,"href":"https:\/\/www.comunicatur.info\/es\/wp-json\/wp\/v2\/categories?post=12496"},{"taxonomy":"post_tag","embeddable":true,"href":"https:\/\/www.comunicatur.info\/es\/wp-json\/wp\/v2\/tags?post=12496"}],"curies":[{"name":"wp","href":"https:\/\/api.w.org\/{rel}","templated":true}]}}