{"id":12445,"date":"2018-07-11T00:00:46","date_gmt":"2018-07-10T22:00:46","guid":{"rendered":"https:\/\/comunicatur.info\/?p=12445"},"modified":"2018-07-10T14:46:18","modified_gmt":"2018-07-10T12:46:18","slug":"activan-un-nuevo-plan-de-formacion-integral-para-el-sector-turistico-catalan","status":"publish","type":"post","link":"https:\/\/www.comunicatur.info\/es\/activan-un-nuevo-plan-de-formacion-integral-para-el-sector-turistico-catalan\/","title":{"rendered":"Activan un nuevo plan de formaci\u00f3n integral para el sector tur\u00edstico catal\u00e1n"},"content":{"rendered":"<p>El Departamento de Empresa y Conocimiento de la Generalitat ha puesto en marcha cursos dirigidos a los profesionales del turismo para contribuir al incremento de la competitividad de las empresas y entidades tur\u00edsticas.<!--more--><\/p>\n<p><img class=\"alignright size-medium wp-image-12009\" src=\"https:\/\/www.comunicatur.info\/wp-content\/uploads\/2018\/04\/RaulG\u00f3mez_TurisTIC-300x200.jpg\" alt=\"\" width=\"300\" height=\"200\" srcset=\"https:\/\/www.comunicatur.info\/wp-content\/uploads\/2018\/04\/RaulG\u00f3mez_TurisTIC-300x200.jpg 300w, https:\/\/www.comunicatur.info\/wp-content\/uploads\/2018\/04\/RaulG\u00f3mez_TurisTIC-768x512.jpg 768w, https:\/\/www.comunicatur.info\/wp-content\/uploads\/2018\/04\/RaulG\u00f3mez_TurisTIC-1024x683.jpg 1024w, https:\/\/www.comunicatur.info\/wp-content\/uploads\/2018\/04\/RaulG\u00f3mez_TurisTIC-600x400.jpg 600w\" sizes=\"(max-width: 300px) 100vw, 300px\" \/>El nuevo plan de formaci\u00f3n se denomina #formaci\u00f3turismecat y ofrece 24 cursos, que suman un total de 350 horas lectivas, y que se impartir\u00e1n en Barcelona, \u200b\u200bGirona, Lleida, Tarragona, Manresa, La Seu d&#8217;Urgell, Tortosa, entre otras ciudades. Hasta 1.000 personas pueden inscribirse en esta formaci\u00f3n especializada.<\/p>\n<p>Seg\u00fan explica la Direcci\u00f3n General de Turismo y la Agencia Catalana de Turismo la transformaci\u00f3n digital tiene un papel clave en estos cursos que est\u00e1n pensados \u200b\u200bpara todo tipo de empresas, ya sean peque\u00f1as y medianas o grandes actores del sector tur\u00edstico.<\/p>\n<p>Los cursos se articulan a trav\u00e9s de 3 itinerarios formativos:<br \/>\n\u2022 Itinerario 1: Innovaci\u00f3n en producto y servicio tur\u00edstico para dar respuesta a los retos actuales en la creaci\u00f3n de productos innovadores.<br \/>\n\u2022 Itinerario 2: Transformaci\u00f3n digital para facilitar la inmersi\u00f3n de las iniciativas tur\u00edsticas en la actual din\u00e1mica de transformaci\u00f3n digital.<br \/>\n\u2022 Itinerario 3: Marketing Digital y comercializaci\u00f3n para una \u00f3ptima utilizaci\u00f3n de las nuevas tecnolog\u00edas como instrumento de marketing.<\/p>\n<p>Toda la informaci\u00f3n sobre los cursos, as\u00ed como las inscripciones se pueden realizar a trav\u00e9s de la web: <a href=\"http:\/\/act.meet2b.org\/web\/cursos\/index\" target=\"_blank\" rel=\"noopener\">http:\/\/act.meet2b.org\/web\/cursos\/index<\/a><\/p>\n","protected":false},"excerpt":{"rendered":"<p>El Departamento de Empresa y Conocimiento de la Generalitat ha puesto en marcha cursos dirigidos a los profesionales del turismo para contribuir al incremento de la competitividad de las empresas y entidades tur\u00edsticas. El nuevo plan de formaci\u00f3n se denomina #formaci\u00f3turismecat y ofrece 24 cursos, que suman un total de 350 horas lectivas, y que &hellip;<\/p>\n","protected":false},"author":408,"featured_media":0,"comment_status":"closed","ping_status":"open","sticky":false,"template":"","format":"standard","meta":[],"categories":[68],"tags":[],"_links":{"self":[{"href":"https:\/\/www.comunicatur.info\/es\/wp-json\/wp\/v2\/posts\/12445"}],"collection":[{"href":"https:\/\/www.comunicatur.info\/es\/wp-json\/wp\/v2\/posts"}],"about":[{"href":"https:\/\/www.comunicatur.info\/es\/wp-json\/wp\/v2\/types\/post"}],"author":[{"embeddable":true,"href":"https:\/\/www.comunicatur.info\/es\/wp-json\/wp\/v2\/users\/408"}],"replies":[{"embeddable":true,"href":"https:\/\/www.comunicatur.info\/es\/wp-json\/wp\/v2\/comments?post=12445"}],"version-history":[{"count":1,"href":"https:\/\/www.comunicatur.info\/es\/wp-json\/wp\/v2\/posts\/12445\/revisions"}],"predecessor-version":[{"id":12446,"href":"https:\/\/www.comunicatur.info\/es\/wp-json\/wp\/v2\/posts\/12445\/revisions\/12446"}],"wp:attachment":[{"href":"https:\/\/www.comunicatur.info\/es\/wp-json\/wp\/v2\/media?parent=12445"}],"wp:term":[{"taxonomy":"category","embeddable":true,"href":"https:\/\/www.comunicatur.info\/es\/wp-json\/wp\/v2\/categories?post=12445"},{"taxonomy":"post_tag","embeddable":true,"href":"https:\/\/www.comunicatur.info\/es\/wp-json\/wp\/v2\/tags?post=12445"}],"curies":[{"name":"wp","href":"https:\/\/api.w.org\/{rel}","templated":true}]}}