{"id":12422,"date":"2018-07-06T00:00:52","date_gmt":"2018-07-05T22:00:52","guid":{"rendered":"https:\/\/comunicatur.info\/?p=12422"},"modified":"2018-07-06T13:18:11","modified_gmt":"2018-07-06T11:18:11","slug":"las-3-mejores-propuestas-enoturisticas-de-cataluna-de-2018","status":"publish","type":"post","link":"https:\/\/www.comunicatur.info\/es\/las-3-mejores-propuestas-enoturisticas-de-cataluna-de-2018\/","title":{"rendered":"Las 3 mejores propuestas enotur\u00edsticas de Catalu\u00f1a de 2018"},"content":{"rendered":"<p>El Castillo del Remei (Lleida) ha acogido la 4\u00aa Noche del Enoturismo de Catalu\u00f1a que ha reunido al sector del turismo y del vino en una celebraci\u00f3n que premia las mejores iniciativas enotur\u00edsticas catalanas del a\u00f1o.<!--more--><\/p>\n<p><img class=\"alignright size-medium wp-image-12424\" src=\"https:\/\/www.comunicatur.info\/wp-content\/uploads\/2018\/07\/IV_Enoturisme-300x225.jpg\" alt=\"\" width=\"300\" height=\"225\" srcset=\"https:\/\/www.comunicatur.info\/wp-content\/uploads\/2018\/07\/IV_Enoturisme-300x225.jpg 300w, https:\/\/www.comunicatur.info\/wp-content\/uploads\/2018\/07\/IV_Enoturisme-768x576.jpg 768w, https:\/\/www.comunicatur.info\/wp-content\/uploads\/2018\/07\/IV_Enoturisme-1024x768.jpg 1024w, https:\/\/www.comunicatur.info\/wp-content\/uploads\/2018\/07\/IV_Enoturisme-600x450.jpg 600w, https:\/\/www.comunicatur.info\/wp-content\/uploads\/2018\/07\/IV_Enoturisme.jpg 2016w\" sizes=\"(max-width: 300px) 100vw, 300px\" \/>Estos premios son una iniciativa de la Mesa del Enoturismo de Catalu\u00f1a impulsada por la Generalitat, los patronatos de turismo y el sector. El objetivo principal es posicionar Catalu\u00f1a como destino enotur\u00edstico de referencia a escala mundial.<\/p>\n<p>El jurado ha decidido galardonar como las mejores propuestas enotur\u00edsticas 2018 en las tres categor\u00edas:<\/p>\n<ul>\n<li><strong> Bodegas:<\/strong> Abadal (DO Pla de Bages). Por su labor dinamizadora del territorio, vincul\u00e1ndose con la poblaci\u00f3n y empresas locales. Se trata adem\u00e1s de una bodega de referencia por su impulso a iniciativas que vinculan la cultura y el enoturismo: recuperaci\u00f3n de variedades aut\u00f3ctonas (uva) y proyectos como el \u00abvino de tina\u00bb y la \u00abRuta de las barracas\u00bb. Adem\u00e1s, se reconoce su apuesta por el fomento y la conservaci\u00f3n de la cultura y el paisaje como patrimonio vin\u00edcola natural, cultural y social.<\/li>\n<li><strong> Alojamiento y restauraci\u00f3n:<\/strong> La Cuina de l&#8217;Empordanet (DO Empord\u00e0). Por el compromiso de los 20 restaurantes que componen este colectivo con el territorio y la poblaci\u00f3n local. La asociaci\u00f3n es un ejemplo de cooperaci\u00f3n entre los agentes del territorio para promocionar conjuntamente los vinos y la gastronom\u00eda de calidad. Con este galard\u00f3n se reconoce su trabajo para la difusi\u00f3n de la cocina tradicional del Baix Empord\u00e0, elaborada y casada con productos gastron\u00f3micos y enol\u00f3gicos de proximidad.<\/li>\n<li><strong> Experiencias e innovaci\u00f3n:<\/strong> Sapienstravel-Viemocions. Por convertirse en una de las empresas pioneras en la comercializaci\u00f3n del enoturismo en Catalu\u00f1a, con actividades singulares y exclusivas en diferentes territorios vitivin\u00edcolas del territorio. El jurado ha valorado especialmente su apuesta 360 grados para fomentar la cultura del vino mediante experiencias enoculturales que ponen en valor el patrimonio art\u00edstico, hist\u00f3rico y cultural existente. Tambi\u00e9n destaca su aportaci\u00f3n a la estructuraci\u00f3n de producto y puesta en el mercado, en estrecha colaboraci\u00f3n con el territorio y los entes de gesti\u00f3n enotur\u00edstica.<\/li>\n<\/ul>\n<p>El jurado tambi\u00e9n ha valorado y destacado las siguientes propuestas como finalistas en cada una de las tres categor\u00edas: Albet i Noya (DO Pened\u00e8s), en la categor\u00eda Bodega; Cal Blay Vinticinc (DO Pened\u00e8s) y Cal Llop (DOQ Priorat), en la categor\u00eda Alojamiento y restauraci\u00f3n; y Priorat Enoturismo (DOQ Priorat y DO Montsant), en la categor\u00eda Experiencias e innovaci\u00f3n.<\/p>\n<p>La entrega de los premios ha ido a cargo de la consejera de Empresa y Conocimiento, \u00c1ngeles Chac\u00f3n, y del presidente de la Diputaci\u00f3n de Lleida, Joan Re\u00f1\u00e9.<\/p>\n","protected":false},"excerpt":{"rendered":"<p>El Castillo del Remei (Lleida) ha acogido la 4\u00aa Noche del Enoturismo de Catalu\u00f1a que ha reunido al sector del turismo y del vino en una celebraci\u00f3n que premia las mejores iniciativas enotur\u00edsticas catalanas del a\u00f1o. Estos premios son una iniciativa de la Mesa del Enoturismo de Catalu\u00f1a impulsada por la Generalitat, los patronatos de &hellip;<\/p>\n","protected":false},"author":408,"featured_media":0,"comment_status":"closed","ping_status":"open","sticky":false,"template":"","format":"standard","meta":[],"categories":[62],"tags":[],"_links":{"self":[{"href":"https:\/\/www.comunicatur.info\/es\/wp-json\/wp\/v2\/posts\/12422"}],"collection":[{"href":"https:\/\/www.comunicatur.info\/es\/wp-json\/wp\/v2\/posts"}],"about":[{"href":"https:\/\/www.comunicatur.info\/es\/wp-json\/wp\/v2\/types\/post"}],"author":[{"embeddable":true,"href":"https:\/\/www.comunicatur.info\/es\/wp-json\/wp\/v2\/users\/408"}],"replies":[{"embeddable":true,"href":"https:\/\/www.comunicatur.info\/es\/wp-json\/wp\/v2\/comments?post=12422"}],"version-history":[{"count":2,"href":"https:\/\/www.comunicatur.info\/es\/wp-json\/wp\/v2\/posts\/12422\/revisions"}],"predecessor-version":[{"id":12426,"href":"https:\/\/www.comunicatur.info\/es\/wp-json\/wp\/v2\/posts\/12422\/revisions\/12426"}],"wp:attachment":[{"href":"https:\/\/www.comunicatur.info\/es\/wp-json\/wp\/v2\/media?parent=12422"}],"wp:term":[{"taxonomy":"category","embeddable":true,"href":"https:\/\/www.comunicatur.info\/es\/wp-json\/wp\/v2\/categories?post=12422"},{"taxonomy":"post_tag","embeddable":true,"href":"https:\/\/www.comunicatur.info\/es\/wp-json\/wp\/v2\/tags?post=12422"}],"curies":[{"name":"wp","href":"https:\/\/api.w.org\/{rel}","templated":true}]}}