{"id":12416,"date":"2018-07-05T00:00:23","date_gmt":"2018-07-04T22:00:23","guid":{"rendered":"https:\/\/comunicatur.info\/?p=12416"},"modified":"2018-07-06T15:13:02","modified_gmt":"2018-07-06T13:13:02","slug":"vuelos-transoceanicos-dentro-de-las-fronteras-de-andorra","status":"publish","type":"post","link":"https:\/\/www.comunicatur.info\/es\/vuelos-transoceanicos-dentro-de-las-fronteras-de-andorra\/","title":{"rendered":"\u00bfVuelos transoce\u00e1nicos dentro de las fronteras de Andorra?"},"content":{"rendered":"<p>El nuevo presidente de la C\u00e1mara de Comercio de Andorra cree necesario disponer de un aeropuerto dentro de las fronteras del pa\u00eds. La actual infraestructura que da servicio a\u00e9reo al Principado es el aeropuerto de la Seu que no parece que d\u00e9 el resultado esperado por sus limitaciones.<!--more--><\/p>\n<p>La infraestructura ubicada en la Seu d\u2019Urgell, que comparten Catalu\u00f1a y Andorra, no est\u00e1 siendo atractiva para los vuelos comerciales. Un ejemplo, a\u00fan no dispone de sistema de aproximaci\u00f3n por GPS que permita los aterrizajes y las salidas en caso de mal tiempo.<\/p>\n<p>La situaci\u00f3n geogr\u00e1fica de Andorra dificulta su conectividad exterior. La C\u00e1mara apuesta por recuperar un proyecto de hace m\u00e1s de 10 a\u00f1os para construir un aeropuerto interno como mejora necesaria de las comunicaciones para atraer turismo de lujo, comercio e inversiones. La v\u00eda a\u00e9rea es la alternativa excelente. Pero \u00bfc\u00f3mo y donde se instala un aeropuerto en los Pirineos y en un territorio tan limitado?<\/p>\n<p>El Gobierno andorrano ya apost\u00f3 por el aeropuerto a la Seu. La viabilidad t\u00e9cnica que quiere estudiar la C\u00e1mara, para algunos representantes p\u00fablicos, parece una ficci\u00f3n. Pero la realidad es que ya est\u00e1n mirando en la localidad de Soldeu un espacio que permitir\u00eda ubicar una pista de dos kil\u00f3metros de longitud. La C\u00e1mara recuerda que existe un anteproyecto factible avalado por el sector aeron\u00e1utico.<\/p>\n<p>Hacia finales de este 2018 es posible que se presente una propuesta detallada de las caracter\u00edsticas que podr\u00eda tener este futuro aeropuerto que busca vuelos extracomunitarios e intercontinentales. Aspiran a contar con conexiones con las capitales europeas, pero tambi\u00e9n con Nueva York, Mosc\u00fa o Dubai.<\/p>\n","protected":false},"excerpt":{"rendered":"<p>El nuevo presidente de la C\u00e1mara de Comercio de Andorra cree necesario disponer de un aeropuerto dentro de las fronteras del pa\u00eds. La actual infraestructura que da servicio a\u00e9reo al Principado es el aeropuerto de la Seu que no parece que d\u00e9 el resultado esperado por sus limitaciones. La infraestructura ubicada en la Seu d\u2019Urgell, &hellip;<\/p>\n","protected":false},"author":408,"featured_media":0,"comment_status":"closed","ping_status":"open","sticky":false,"template":"","format":"standard","meta":[],"categories":[65],"tags":[],"_links":{"self":[{"href":"https:\/\/www.comunicatur.info\/es\/wp-json\/wp\/v2\/posts\/12416"}],"collection":[{"href":"https:\/\/www.comunicatur.info\/es\/wp-json\/wp\/v2\/posts"}],"about":[{"href":"https:\/\/www.comunicatur.info\/es\/wp-json\/wp\/v2\/types\/post"}],"author":[{"embeddable":true,"href":"https:\/\/www.comunicatur.info\/es\/wp-json\/wp\/v2\/users\/408"}],"replies":[{"embeddable":true,"href":"https:\/\/www.comunicatur.info\/es\/wp-json\/wp\/v2\/comments?post=12416"}],"version-history":[{"count":1,"href":"https:\/\/www.comunicatur.info\/es\/wp-json\/wp\/v2\/posts\/12416\/revisions"}],"predecessor-version":[{"id":12417,"href":"https:\/\/www.comunicatur.info\/es\/wp-json\/wp\/v2\/posts\/12416\/revisions\/12417"}],"wp:attachment":[{"href":"https:\/\/www.comunicatur.info\/es\/wp-json\/wp\/v2\/media?parent=12416"}],"wp:term":[{"taxonomy":"category","embeddable":true,"href":"https:\/\/www.comunicatur.info\/es\/wp-json\/wp\/v2\/categories?post=12416"},{"taxonomy":"post_tag","embeddable":true,"href":"https:\/\/www.comunicatur.info\/es\/wp-json\/wp\/v2\/tags?post=12416"}],"curies":[{"name":"wp","href":"https:\/\/api.w.org\/{rel}","templated":true}]}}