{"id":12399,"date":"2018-07-02T00:00:53","date_gmt":"2018-07-01T22:00:53","guid":{"rendered":"https:\/\/comunicatur.info\/?p=12399"},"modified":"2018-06-29T13:38:15","modified_gmt":"2018-06-29T11:38:15","slug":"preparados-para-el-caos-aereo-de-este-verano","status":"publish","type":"post","link":"https:\/\/www.comunicatur.info\/es\/preparados-para-el-caos-aereo-de-este-verano\/","title":{"rendered":"\u00bfPreparados para el caos a\u00e9reo de este verano?"},"content":{"rendered":"<p>Las compa\u00f1\u00edas a\u00e9reas ya han puesto la venda antes de la herida y advierten del posible caos que vivir\u00e1n los aeropuertos de Catalu\u00f1a y Baleares con acumulaci\u00f3n de retrasos y anulaciones.<!--more--><\/p>\n<p><img class=\"alignright size-medium wp-image-10324\" src=\"https:\/\/www.comunicatur.info\/wp-content\/uploads\/2017\/05\/cuesPrat-300x197.jpg\" alt=\"\" width=\"300\" height=\"197\" srcset=\"https:\/\/www.comunicatur.info\/wp-content\/uploads\/2017\/05\/cuesPrat-300x197.jpg 300w, https:\/\/www.comunicatur.info\/wp-content\/uploads\/2017\/05\/cuesPrat-600x394.jpg 600w, https:\/\/www.comunicatur.info\/wp-content\/uploads\/2017\/05\/cuesPrat.jpg 639w\" sizes=\"(max-width: 300px) 100vw, 300px\" \/>Los culpables: los controladores a\u00e9reos franceses, y m\u00e1s concretamente de Marsella, que con sus huelgas pueden poner en jaque la operativa de aeropuertos como el de Barcelona-El Prat y el de Palma de Mallorca.<\/p>\n<p>En lo que va de a\u00f1o ya son 5.000 los vuelos cancelados por huelgas de controladores en Europa. Y los m\u00e1ximos responsables de IAG y Ryanair ya avisan que el verano ser\u00e1 peor. El centro de Marsella controla el tr\u00e1fico a\u00e9reo del Mediterr\u00e1neo y es cr\u00edtico para Barcelona y Baleares. Un episodio de huelga puede generar horas de retrasos de los vuelos que van provocando una afectaci\u00f3n en cascada sobre las aeronaves que realizan trayectos punto a punto y que van sumando retrasos en los siguientes vuelos durante el d\u00eda.<\/p>\n<p>En el caso de Vueling y Ryanair en Barcelona, los retrasos que pueden provocar los controladores durante el verano afectar\u00e1n a la mitad de sus vuelos el d\u00eda de huelga. Las aerol\u00edneas denuncian que los servicios m\u00ednimos decretados en Francia priorizan los vuelos dom\u00e9sticos y el tr\u00e1fico con destino-origen fuera del pa\u00eds quedan en un segundo nivel de prioridad.<\/p>\n<p>Una soluci\u00f3n: que los gobiernos europeos act\u00faen y permitan f\u00f3rmulas alternativas para que en episodios de huelga controladores a\u00e9reos de otros pa\u00edses puedan gestionar el tr\u00e1fico siempre que las aeronaves no tengan origen o destino en la zona de huelga.<\/p>\n","protected":false},"excerpt":{"rendered":"<p>Las compa\u00f1\u00edas a\u00e9reas ya han puesto la venda antes de la herida y advierten del posible caos que vivir\u00e1n los aeropuertos de Catalu\u00f1a y Baleares con acumulaci\u00f3n de retrasos y anulaciones. Los culpables: los controladores a\u00e9reos franceses, y m\u00e1s concretamente de Marsella, que con sus huelgas pueden poner en jaque la operativa de aeropuertos como &hellip;<\/p>\n","protected":false},"author":408,"featured_media":0,"comment_status":"closed","ping_status":"open","sticky":false,"template":"","format":"standard","meta":[],"categories":[65],"tags":[],"_links":{"self":[{"href":"https:\/\/www.comunicatur.info\/es\/wp-json\/wp\/v2\/posts\/12399"}],"collection":[{"href":"https:\/\/www.comunicatur.info\/es\/wp-json\/wp\/v2\/posts"}],"about":[{"href":"https:\/\/www.comunicatur.info\/es\/wp-json\/wp\/v2\/types\/post"}],"author":[{"embeddable":true,"href":"https:\/\/www.comunicatur.info\/es\/wp-json\/wp\/v2\/users\/408"}],"replies":[{"embeddable":true,"href":"https:\/\/www.comunicatur.info\/es\/wp-json\/wp\/v2\/comments?post=12399"}],"version-history":[{"count":2,"href":"https:\/\/www.comunicatur.info\/es\/wp-json\/wp\/v2\/posts\/12399\/revisions"}],"predecessor-version":[{"id":12401,"href":"https:\/\/www.comunicatur.info\/es\/wp-json\/wp\/v2\/posts\/12399\/revisions\/12401"}],"wp:attachment":[{"href":"https:\/\/www.comunicatur.info\/es\/wp-json\/wp\/v2\/media?parent=12399"}],"wp:term":[{"taxonomy":"category","embeddable":true,"href":"https:\/\/www.comunicatur.info\/es\/wp-json\/wp\/v2\/categories?post=12399"},{"taxonomy":"post_tag","embeddable":true,"href":"https:\/\/www.comunicatur.info\/es\/wp-json\/wp\/v2\/tags?post=12399"}],"curies":[{"name":"wp","href":"https:\/\/api.w.org\/{rel}","templated":true}]}}