{"id":12360,"date":"2018-06-21T00:00:10","date_gmt":"2018-06-20T22:00:10","guid":{"rendered":"https:\/\/comunicatur.info\/?p=12360"},"modified":"2018-06-20T19:12:22","modified_gmt":"2018-06-20T17:12:22","slug":"la-nueva-ley-de-viajes-combinados-entrara-en-vigor-el-1-de-julio","status":"publish","type":"post","link":"https:\/\/www.comunicatur.info\/es\/la-nueva-ley-de-viajes-combinados-entrara-en-vigor-el-1-de-julio\/","title":{"rendered":"\u00bfLa nueva Ley de Viajes Combinados entrar\u00e1 en vigor el 1 de julio?"},"content":{"rendered":"<p>La Uni\u00f3n Europea dict\u00f3 una Directiva (UE 2015\/2302) sobre viajes combinados y servicios de viajes. Entre otras cuestiones, la nueva regulaci\u00f3n <strong>obliga a las agencias de viajes y operadores tur\u00edsticos a contar con un aval para responder ante los viajeros.<\/strong> Adem\u00e1s, recoge la nueva forma de <strong>contrataci\u00f3n por Internet<\/strong>, introduce nuevos conceptos y amplia el \u00e1mbito de actuaci\u00f3n. La Directiva busca <strong>incrementar la protecci\u00f3n de los viajeros y aumentar la transparencia.<\/strong><!--more--><\/p>\n<p><img class=\"alignright size-full wp-image-1800\" src=\"https:\/\/www.comunicatur.info\/wp-content\/uploads\/2009\/11\/ttoo.jpg\" alt=\"\" width=\"140\" height=\"103\" \/>Esta nueva norma es de obligado cumplimiento para todos los estados de la UE. La Directiva deja claramente establecido que <strong>la protecci\u00f3n al viajero debe ser la misma en todos los pa\u00edses de la UE<\/strong>, por lo que tampoco puede haber diferencias entre comunidades aut\u00f3nomas, siendo el Gobierno Central el que legisle. Espa\u00f1a tuvo que adecuar la normativa a su legislaci\u00f3n y por ello, el Gobierno, a trav\u00e9s del Ministerio de Sanidad, Servicios Sociales e Igualdad, aprob\u00f3 el pasado 23 de marzo el proyecto de Ley de transposici\u00f3n, que se ten\u00eda que tramitar por v\u00eda de urgencia en el Congreso y Senado. La Ley deber\u00eda entrar en vigor el <strong>1 de julio de 2018<\/strong>.<\/p>\n<p>A partir de ah\u00ed se empezaron a presentar enmiendas, teni\u00e9ndose que ampliar el plazo hasta 15 veces, siendo v\u00e1lida <strong>la \u00faltima ampliaci\u00f3n de enmiendas hasta el 12 de junio de 2018.<\/strong> Ha habido un aut\u00e9ntico revuelo en las asociaciones de agencias de viajes (ACAVe, CEAV, FETAVE) que han presentado diversas enmiendas, as\u00ed como la propia CEOE y otras entidades.<\/p>\n<p>Algunas de las <strong>principales reivindicaciones del sector fue la eliminaci\u00f3n de la doble garant\u00eda para las AAVV<\/strong>, la de insolvencia y la de correcta prestaci\u00f3n de servicios, que va m\u00e1s all\u00e1 de lo que prev\u00e9 la Directiva europea; que se respete el plazo de seis meses de adaptaci\u00f3n que preve\u00eda la Directiva y que ahora est\u00e1 en riesgo por los retrasos sufridos, puesto que la Ley se deber\u00eda haber aprobado antes del 31 de diciembre de 2017 y en ese caso s\u00ed exist\u00edan los seis meses de adaptaci\u00f3n.<\/p>\n<p><img class=\"alignright size-full wp-image-2872\" src=\"https:\/\/www.comunicatur.info\/wp-content\/uploads\/2011\/01\/enlace_viajes.jpg\" alt=\"\" width=\"154\" height=\"138\" \/>Entre los aspectos positivos de la Ley podemos citar la regulaci\u00f3n del sector y la esperanza que sirva para <strong>la lucha contra las actividades clandestinas de internet<\/strong>, los proveedores on line, que no tienen ning\u00fan tipo de control y muchas veces han sido denunciados por las agencias por competencia desleal y actuar fuera del marco legal.<\/p>\n<p>Por ello la Ley regula tambi\u00e9n una nueva figura, denominada <strong>servicios de viaje vinculados<\/strong>, un nuevo modelo empresarial alternativo que a menudo compite con los viajes combinados, que hac\u00eda necesaria una nueva regulaci\u00f3n para que todas las empresas que tienen actividad en la venta de servicios de viaje\u00a0<strong>compitan en las mismas condiciones y con las mismas garant\u00edas<\/strong>. La diferencia con los viajes combinados es que estos se contratan habitualmente con el mismo empresario, mientras que\u00a0<strong>los servicios de viaje vinculados se contratan siempre con diferentes empresarios.<\/strong><\/p>\n<p>Un ejemplo de ello ser\u00eda el que, con motivo de una compra de un billete de avi\u00f3n a trav\u00e9s de internet, nos env\u00edan un enlace con una oferta de un hotel y clicando contratamos una estancia. \u00a0Sin embargo, el sector reclama la falta de claridad en el redactado de algunos art\u00edculos, ya que no siempre ser\u00e1 f\u00e1cil delimitar cuando nos encontramos ante un servicio de viaje vinculado o ante un viaje combinado.<\/p>\n<p>En la p\u00e1gina web del Congreso de los Diputados, donde se habla de la Ley, encontramos tambi\u00e9n la informaci\u00f3n de cuatro pa\u00edses que ya han llevado a cabo la transposici\u00f3n europea y ya la han incorporado a sus ordenamientos respectivos: Alemania, B\u00e9lgica, Francia y Portugal.<br \/>\n<a href=\"http:\/\/www.congreso.es\/docu\/docum\/ddocum\/dosieres\/sleg\/legislatura_12\/spl_18\/dosier_sl_18_viajes_combinados_transparencia.pdf\" target=\"_blank\" rel=\"noopener\"><em>Ver el apartado Dosieres del Congreso de los Diputados.<\/em><\/a><\/p>\n<p>La Ley se encuentra en este momento en su fase de aceptaci\u00f3n de enmiendas, cuyo \u00faltimo plazo finaliza el 12 de junio. A partir de ah\u00ed, la Comisi\u00f3n de Sanidad y Servicios Sociales designar\u00e1 una ponencia que redactar\u00e1 un informe, que ser\u00e1 deliberado en comisi\u00f3n y posteriormente en el Pleno del Congreso. Despu\u00e9s de ello a\u00fan faltar\u00e1 la tramitaci\u00f3n en el Senado, por lo que la Ley muy dif\u00edcilmente entrar\u00e1 en vigor el 1 de julio de 2018.<\/p>\n<p><a href=\"http:\/\/www.congreso.es\/portal\/page\/portal\/Congreso\/PopUpCGI?CMD=VERLST&amp;BASE=pu12&amp;DOCS=1-1&amp;DOCORDER=LIFO&amp;QUERY=%28BOCG-12-A-19-1.CODI.%29#(P%C3%A1gina1)\" target=\"_blank\" rel=\"noopener\"><em>Ver el texto \u00edntegro de la Ley<\/em><\/a><\/p>\n","protected":false},"excerpt":{"rendered":"<p>La Uni\u00f3n Europea dict\u00f3 una Directiva (UE 2015\/2302) sobre viajes combinados y servicios de viajes. Entre otras cuestiones, la nueva regulaci\u00f3n obliga a las agencias de viajes y operadores tur\u00edsticos a contar con un aval para responder ante los viajeros. Adem\u00e1s, recoge la nueva forma de contrataci\u00f3n por Internet, introduce nuevos conceptos y amplia el &hellip;<\/p>\n","protected":false},"author":408,"featured_media":0,"comment_status":"closed","ping_status":"open","sticky":false,"template":"","format":"standard","meta":[],"categories":[66],"tags":[],"_links":{"self":[{"href":"https:\/\/www.comunicatur.info\/es\/wp-json\/wp\/v2\/posts\/12360"}],"collection":[{"href":"https:\/\/www.comunicatur.info\/es\/wp-json\/wp\/v2\/posts"}],"about":[{"href":"https:\/\/www.comunicatur.info\/es\/wp-json\/wp\/v2\/types\/post"}],"author":[{"embeddable":true,"href":"https:\/\/www.comunicatur.info\/es\/wp-json\/wp\/v2\/users\/408"}],"replies":[{"embeddable":true,"href":"https:\/\/www.comunicatur.info\/es\/wp-json\/wp\/v2\/comments?post=12360"}],"version-history":[{"count":1,"href":"https:\/\/www.comunicatur.info\/es\/wp-json\/wp\/v2\/posts\/12360\/revisions"}],"predecessor-version":[{"id":12361,"href":"https:\/\/www.comunicatur.info\/es\/wp-json\/wp\/v2\/posts\/12360\/revisions\/12361"}],"wp:attachment":[{"href":"https:\/\/www.comunicatur.info\/es\/wp-json\/wp\/v2\/media?parent=12360"}],"wp:term":[{"taxonomy":"category","embeddable":true,"href":"https:\/\/www.comunicatur.info\/es\/wp-json\/wp\/v2\/categories?post=12360"},{"taxonomy":"post_tag","embeddable":true,"href":"https:\/\/www.comunicatur.info\/es\/wp-json\/wp\/v2\/tags?post=12360"}],"curies":[{"name":"wp","href":"https:\/\/api.w.org\/{rel}","templated":true}]}}