{"id":12351,"date":"2018-06-25T00:00:17","date_gmt":"2018-06-24T22:00:17","guid":{"rendered":"https:\/\/comunicatur.info\/?p=12351"},"modified":"2018-06-19T18:46:17","modified_gmt":"2018-06-19T16:46:17","slug":"la-torre-eiffel-blindada-contra-ataques-terroristas","status":"publish","type":"post","link":"https:\/\/www.comunicatur.info\/es\/la-torre-eiffel-blindada-contra-ataques-terroristas\/","title":{"rendered":"La Torre Eiffel blindada contra ataques terroristas"},"content":{"rendered":"<p>Las autoridades francesas han decidido extremar al m\u00e1ximo la seguridad alrededor de uno de sus iconos tur\u00edsticos m\u00e1s emblem\u00e1ticos y visitados, la Torre Eiffel. Las nuevas medidas se han implementado al poco de conocerse que los terroristas que <a href=\"https:\/\/www.comunicatur.info\/es\/atentado-terrorista-en-el-corazon-turistico-de-barcelona\/\" target=\"_blank\" rel=\"noopener noreferrer\">atentaron en Barcelona y Cambrils<\/a> ten\u00edan entre sus objetivos acceder a la Torre Eiffel y a la Sagrada Familia con chalecos explosivos.<!--more--><\/p>\n<p><img class=\"alignright size-medium wp-image-12347\" src=\"https:\/\/www.comunicatur.info\/wp-content\/uploads\/2018\/06\/Eiffel-300x188.jpg\" alt=\"\" width=\"300\" height=\"188\" srcset=\"https:\/\/www.comunicatur.info\/wp-content\/uploads\/2018\/06\/Eiffel-300x188.jpg 300w, https:\/\/www.comunicatur.info\/wp-content\/uploads\/2018\/06\/Eiffel-768x482.jpg 768w, https:\/\/www.comunicatur.info\/wp-content\/uploads\/2018\/06\/Eiffel-600x376.jpg 600w, https:\/\/www.comunicatur.info\/wp-content\/uploads\/2018\/06\/Eiffel.jpg 837w\" sizes=\"(max-width: 300px) 100vw, 300px\" \/>Ahora una gran mampara de vidrio de tres metros de altura situada en dos de los laterales y un cerco de alambrada en los otros dos protege el monumento. La seguridad se acentu\u00f3 el pasado a\u00f1o y el pr\u00f3ximo mes de julio estar\u00e1n totalmente implementadas para garantizar tambi\u00e9n la seguridad de los turistas. Bloques de hormig\u00f3n tambi\u00e9n intentan persuadir de intentos de atropello.<\/p>\n<p>Los terroristas de Barcelona estuvieron seis d\u00edas antes de los atentados \u2013concretamente el 11 y 12 de agosto pasados\u2013 tomando im\u00e1genes de la Torre Eiffel desde diferentes \u00e1ngulos. Algunas fuentes hablan de un <a href=\"https:\/\/www.comunicatur.info\/es\/la-sagrada-familia-es-uno-de-los-iconos-turisticos-amenazados-por-el-terrorismo\/\" target=\"_blank\" rel=\"noopener noreferrer\">atentado simult\u00e1neo en la Sagrada Familia de Barcelona<\/a> y la Torre Eiffel de Par\u00eds, con una orientaci\u00f3n clara hacia los iconos tur\u00edsticos de ambas ciudades.<img class=\"alignright size-medium wp-image-10837\" src=\"https:\/\/www.comunicatur.info\/wp-content\/uploads\/2017\/08\/atemptatBCN-257x300.jpg\" alt=\"\" width=\"257\" height=\"300\" srcset=\"https:\/\/www.comunicatur.info\/wp-content\/uploads\/2017\/08\/atemptatBCN-257x300.jpg 257w, https:\/\/www.comunicatur.info\/wp-content\/uploads\/2017\/08\/atemptatBCN-600x700.jpg 600w, https:\/\/www.comunicatur.info\/wp-content\/uploads\/2017\/08\/atemptatBCN.jpg 632w\" sizes=\"(max-width: 257px) 100vw, 257px\" \/><\/p>\n<p>Los elementos de protecci\u00f3n de la Torre Eiffel intentan minimizar el impacto visual sobre el monumento y afectar lo menos posible la experiencia de los 6 millones de visitantes que recibe anualmente. Para ello han contado con la agencia de arquitectura austriaca Dietmar Feichtinger que ha dise\u00f1ado medidas similares en otros lugares tur\u00edsticos de Francia. Las obras han costado 35 millones de euros.<\/p>\n<p>Evidentemente seguir\u00e1n las patrullas del ejecito y la polic\u00eda tanto en el interior como en el exterior del monumento, as\u00ed como los registros exhaustivos en los accesos mediante arcos de detecci\u00f3n de metales.<\/p>\n<p>Estas medidas de seguridad no son temporales y van m\u00e1s all\u00e1 de una protecci\u00f3n puntual debido a una alerta terrorista. La intenci\u00f3n es garantizar la seguridad de los turistas en los lugares emblem\u00e1ticos, m\u00e1s a\u00fan cuando la capital francesa acoger\u00e1 los Juegos Ol\u00edmpicos de 2024<\/p>\n","protected":false},"excerpt":{"rendered":"<p>Las autoridades francesas han decidido extremar al m\u00e1ximo la seguridad alrededor de uno de sus iconos tur\u00edsticos m\u00e1s emblem\u00e1ticos y visitados, la Torre Eiffel. Las nuevas medidas se han implementado al poco de conocerse que los terroristas que atentaron en Barcelona y Cambrils ten\u00edan entre sus objetivos acceder a la Torre Eiffel y a la &hellip;<\/p>\n","protected":false},"author":408,"featured_media":0,"comment_status":"closed","ping_status":"open","sticky":false,"template":"","format":"standard","meta":[],"categories":[64],"tags":[],"_links":{"self":[{"href":"https:\/\/www.comunicatur.info\/es\/wp-json\/wp\/v2\/posts\/12351"}],"collection":[{"href":"https:\/\/www.comunicatur.info\/es\/wp-json\/wp\/v2\/posts"}],"about":[{"href":"https:\/\/www.comunicatur.info\/es\/wp-json\/wp\/v2\/types\/post"}],"author":[{"embeddable":true,"href":"https:\/\/www.comunicatur.info\/es\/wp-json\/wp\/v2\/users\/408"}],"replies":[{"embeddable":true,"href":"https:\/\/www.comunicatur.info\/es\/wp-json\/wp\/v2\/comments?post=12351"}],"version-history":[{"count":1,"href":"https:\/\/www.comunicatur.info\/es\/wp-json\/wp\/v2\/posts\/12351\/revisions"}],"predecessor-version":[{"id":12352,"href":"https:\/\/www.comunicatur.info\/es\/wp-json\/wp\/v2\/posts\/12351\/revisions\/12352"}],"wp:attachment":[{"href":"https:\/\/www.comunicatur.info\/es\/wp-json\/wp\/v2\/media?parent=12351"}],"wp:term":[{"taxonomy":"category","embeddable":true,"href":"https:\/\/www.comunicatur.info\/es\/wp-json\/wp\/v2\/categories?post=12351"},{"taxonomy":"post_tag","embeddable":true,"href":"https:\/\/www.comunicatur.info\/es\/wp-json\/wp\/v2\/tags?post=12351"}],"curies":[{"name":"wp","href":"https:\/\/api.w.org\/{rel}","templated":true}]}}