{"id":12308,"date":"2018-06-13T00:00:07","date_gmt":"2018-06-12T22:00:07","guid":{"rendered":"https:\/\/comunicatur.info\/?p=12308"},"modified":"2018-06-08T14:55:03","modified_gmt":"2018-06-08T12:55:03","slug":"el-hotel-vueling-pone-fin-su-historia-tras-cinco-anos","status":"publish","type":"post","link":"https:\/\/www.comunicatur.info\/es\/el-hotel-vueling-pone-fin-su-historia-tras-cinco-anos\/","title":{"rendered":"El Hotel Vueling pone fin a su historia tras cinco a\u00f1os"},"content":{"rendered":"<p>El establecimiento hotelero tematizado de la compa\u00f1\u00eda Vueling situado en Barcelona no seguir\u00e1 con la iniciativa.<!--more--><\/p>\n<p><img class=\"alignright size-medium wp-image-12303\" src=\"https:\/\/www.comunicatur.info\/wp-content\/uploads\/2018\/06\/hotelVueling-300x198.jpg\" alt=\"\" width=\"300\" height=\"198\" srcset=\"https:\/\/www.comunicatur.info\/wp-content\/uploads\/2018\/06\/hotelVueling-300x198.jpg 300w, https:\/\/www.comunicatur.info\/wp-content\/uploads\/2018\/06\/hotelVueling-600x395.jpg 600w, https:\/\/www.comunicatur.info\/wp-content\/uploads\/2018\/06\/hotelVueling.jpg 706w\" sizes=\"(max-width: 300px) 100vw, 300px\" \/>Catalonia se encarga de la gesti\u00f3n del hotel, un proyecto que se inici\u00f3 en 2013 y que no ha dado el resultado esperado. El alojamiento situado en la Gran Via contaba con un restaurante simulando el t\u00edpico A-320 de la aerol\u00ednea con asientos y ventanillas de avi\u00f3n, mostradores de facturaci\u00f3n en la recepci\u00f3n, bar y habitaciones perfectamente identificadas con los colores corporativos de la compa\u00f1\u00eda.<\/p>\n<p>En su momento, Catalonia invirti\u00f3 13 millones de euros en la rehabilitaci\u00f3n del inmueble para convertirlo en hotel y la aerol\u00ednea aport\u00f3 su marca y sus soportes online de comercializaci\u00f3n.<\/p>\n<p><img class=\"alignright size-medium wp-image-12305\" src=\"https:\/\/www.comunicatur.info\/wp-content\/uploads\/2018\/06\/hotelVueling2-300x278.jpg\" alt=\"\" width=\"300\" height=\"278\" srcset=\"https:\/\/www.comunicatur.info\/wp-content\/uploads\/2018\/06\/hotelVueling2-300x278.jpg 300w, https:\/\/www.comunicatur.info\/wp-content\/uploads\/2018\/06\/hotelVueling2-600x557.jpg 600w, https:\/\/www.comunicatur.info\/wp-content\/uploads\/2018\/06\/hotelVueling2.jpg 724w\" sizes=\"(max-width: 300px) 100vw, 300px\" \/>Los empresarios que lo impulsaron han explicado a Expansi\u00f3n que cuando ha terminado el contrato de cinco a\u00f1os de cesi\u00f3n de la marca han decidido no renovar. As\u00ed que recientemente han cambiado el nombre del hotel por Hotel Catalonia Gran Via BCN y han eliminado cualquier identificaci\u00f3n con la compa\u00f1\u00eda.<\/p>\n<p>El establecimiento de cuatro estrellas ha seguido funcionando con normalidad, pero ya se descarta la opci\u00f3n primigenia de abrir nuevos hoteles Vueling en otras ciudades espa\u00f1olas. Catalonia pens\u00f3 en adaptar el interiorismo de algunos de sus establecimientos de Madrid, Sevilla y Valencia con la marca Vueling.<\/p>\n<p>Las modas de los hoteles tem\u00e1ticos en torno a marcas notorias no siempre son garant\u00eda de \u00e9xito.<\/p>\n","protected":false},"excerpt":{"rendered":"<p>El establecimiento hotelero tematizado de la compa\u00f1\u00eda Vueling situado en Barcelona no seguir\u00e1 con la iniciativa. Catalonia se encarga de la gesti\u00f3n del hotel, un proyecto que se inici\u00f3 en 2013 y que no ha dado el resultado esperado. El alojamiento situado en la Gran Via contaba con un restaurante simulando el t\u00edpico A-320 de &hellip;<\/p>\n","protected":false},"author":408,"featured_media":0,"comment_status":"closed","ping_status":"open","sticky":false,"template":"","format":"standard","meta":[],"categories":[59,61],"tags":[],"_links":{"self":[{"href":"https:\/\/www.comunicatur.info\/es\/wp-json\/wp\/v2\/posts\/12308"}],"collection":[{"href":"https:\/\/www.comunicatur.info\/es\/wp-json\/wp\/v2\/posts"}],"about":[{"href":"https:\/\/www.comunicatur.info\/es\/wp-json\/wp\/v2\/types\/post"}],"author":[{"embeddable":true,"href":"https:\/\/www.comunicatur.info\/es\/wp-json\/wp\/v2\/users\/408"}],"replies":[{"embeddable":true,"href":"https:\/\/www.comunicatur.info\/es\/wp-json\/wp\/v2\/comments?post=12308"}],"version-history":[{"count":1,"href":"https:\/\/www.comunicatur.info\/es\/wp-json\/wp\/v2\/posts\/12308\/revisions"}],"predecessor-version":[{"id":12309,"href":"https:\/\/www.comunicatur.info\/es\/wp-json\/wp\/v2\/posts\/12308\/revisions\/12309"}],"wp:attachment":[{"href":"https:\/\/www.comunicatur.info\/es\/wp-json\/wp\/v2\/media?parent=12308"}],"wp:term":[{"taxonomy":"category","embeddable":true,"href":"https:\/\/www.comunicatur.info\/es\/wp-json\/wp\/v2\/categories?post=12308"},{"taxonomy":"post_tag","embeddable":true,"href":"https:\/\/www.comunicatur.info\/es\/wp-json\/wp\/v2\/tags?post=12308"}],"curies":[{"name":"wp","href":"https:\/\/api.w.org\/{rel}","templated":true}]}}