{"id":12231,"date":"2018-05-25T00:00:01","date_gmt":"2018-05-24T22:00:01","guid":{"rendered":"https:\/\/comunicatur.info\/?p=12231"},"modified":"2018-05-24T14:07:45","modified_gmt":"2018-05-24T12:07:45","slug":"campana-turistica-del-gobierno-espanol-para-recuperar-la-imagen-de-cataluna","status":"publish","type":"post","link":"https:\/\/www.comunicatur.info\/es\/campana-turistica-del-gobierno-espanol-para-recuperar-la-imagen-de-cataluna\/","title":{"rendered":"Campa\u00f1a tur\u00edstica del gobierno espa\u00f1ol para recuperar la imagen de Catalu\u00f1a"},"content":{"rendered":"<p>El ministro de Energ\u00eda, Turismo y Agenda Digital, \u00c1lvaro Nadal, ha anunciado que Turespa\u00f1a reactivar\u00e1 una campa\u00f1a para recuperar la imagen de Catalu\u00f1a que estima ha quedado tocada tras los atentados de agosto del pasado a\u00f1o y por el proceso independentista.<!--more--><\/p>\n<p><img class=\"alignright size-medium wp-image-12229\" src=\"https:\/\/www.comunicatur.info\/wp-content\/uploads\/2018\/05\/MinistroAlvaroNadal-300x169.jpg\" alt=\"\" width=\"300\" height=\"169\" srcset=\"https:\/\/www.comunicatur.info\/wp-content\/uploads\/2018\/05\/MinistroAlvaroNadal-300x169.jpg 300w, https:\/\/www.comunicatur.info\/wp-content\/uploads\/2018\/05\/MinistroAlvaroNadal.jpg 480w\" sizes=\"(max-width: 300px) 100vw, 300px\" \/>Aunque los datos de Catalu\u00f1a no son malos, en 2017 cerr\u00f3 su mejor a\u00f1o tur\u00edstico de la historia y en 2018 las estad\u00edsticas del INE son tambi\u00e9n positivas, Nadal no ha dejado escapar la oportunidad en el Congreso de los Diputados de explicar su intenci\u00f3n de \u201crecuperar la imagen que en su d\u00eda se perdi\u00f3\u201d.<\/p>\n<p>Para apoyar su discurso, el ministro ha puesto como ejemplo las dificultades que han tenido para mantener en Barcelona el Mobile World Congress, en riesgo por la situaci\u00f3n pol\u00edtica.<\/p>\n<p>En el mismo discurso \u00c1lvaro Nadal reconoce que el turismo en Catalu\u00f1a se ha recuperado gracias a la aplicaci\u00f3n del art\u00edculo 155 y que el Mobile est\u00e1 garantizado. As\u00ed pues, la justificaci\u00f3n real de esta campa\u00f1a queda algo cuestionada y abre la puerta a la especulaci\u00f3n de una intencionalidad pol\u00edtica. M\u00e1s a\u00fan cuando las competencias en turismo est\u00e1n trasferidas a la Generalitat que cuenta con sus estrategias y mecanismos de promoci\u00f3n.<\/p>\n","protected":false},"excerpt":{"rendered":"<p>El ministro de Energ\u00eda, Turismo y Agenda Digital, \u00c1lvaro Nadal, ha anunciado que Turespa\u00f1a reactivar\u00e1 una campa\u00f1a para recuperar la imagen de Catalu\u00f1a que estima ha quedado tocada tras los atentados de agosto del pasado a\u00f1o y por el proceso independentista. Aunque los datos de Catalu\u00f1a no son malos, en 2017 cerr\u00f3 su mejor a\u00f1o &hellip;<\/p>\n","protected":false},"author":408,"featured_media":0,"comment_status":"closed","ping_status":"open","sticky":false,"template":"","format":"standard","meta":[],"categories":[62],"tags":[],"_links":{"self":[{"href":"https:\/\/www.comunicatur.info\/es\/wp-json\/wp\/v2\/posts\/12231"}],"collection":[{"href":"https:\/\/www.comunicatur.info\/es\/wp-json\/wp\/v2\/posts"}],"about":[{"href":"https:\/\/www.comunicatur.info\/es\/wp-json\/wp\/v2\/types\/post"}],"author":[{"embeddable":true,"href":"https:\/\/www.comunicatur.info\/es\/wp-json\/wp\/v2\/users\/408"}],"replies":[{"embeddable":true,"href":"https:\/\/www.comunicatur.info\/es\/wp-json\/wp\/v2\/comments?post=12231"}],"version-history":[{"count":1,"href":"https:\/\/www.comunicatur.info\/es\/wp-json\/wp\/v2\/posts\/12231\/revisions"}],"predecessor-version":[{"id":12232,"href":"https:\/\/www.comunicatur.info\/es\/wp-json\/wp\/v2\/posts\/12231\/revisions\/12232"}],"wp:attachment":[{"href":"https:\/\/www.comunicatur.info\/es\/wp-json\/wp\/v2\/media?parent=12231"}],"wp:term":[{"taxonomy":"category","embeddable":true,"href":"https:\/\/www.comunicatur.info\/es\/wp-json\/wp\/v2\/categories?post=12231"},{"taxonomy":"post_tag","embeddable":true,"href":"https:\/\/www.comunicatur.info\/es\/wp-json\/wp\/v2\/tags?post=12231"}],"curies":[{"name":"wp","href":"https:\/\/api.w.org\/{rel}","templated":true}]}}