{"id":12225,"date":"2018-05-24T00:00:27","date_gmt":"2018-05-23T22:00:27","guid":{"rendered":"https:\/\/comunicatur.info\/?p=12225"},"modified":"2018-05-23T16:52:25","modified_gmt":"2018-05-23T14:52:25","slug":"nuevo-plan-director-para-regular-el-sector-de-los-campings-catalanes","status":"publish","type":"post","link":"https:\/\/www.comunicatur.info\/es\/nuevo-plan-director-para-regular-el-sector-de-los-campings-catalanes\/","title":{"rendered":"Nuevo plan director para regular el sector de los campings catalanes"},"content":{"rendered":"<p>Coincidiendo con el anuncio de la comisi\u00f3n de Urbanismo de la Generalidad de Catalu\u00f1a de no permitir la construcci\u00f3n de un camping en la Garriguella, en la Costa Brava, tambi\u00e9n se ha informado de la intenci\u00f3n del gobierno catal\u00e1n de redactar un plan director para ordenar el sector del camping.<!--more--><\/p>\n<p><img class=\"alignright size-medium wp-image-11095\" src=\"https:\/\/www.comunicatur.info\/wp-content\/uploads\/2017\/11\/camping_bungalow-300x225.jpg\" alt=\"\" width=\"300\" height=\"225\" srcset=\"https:\/\/www.comunicatur.info\/wp-content\/uploads\/2017\/11\/camping_bungalow-300x225.jpg 300w, https:\/\/www.comunicatur.info\/wp-content\/uploads\/2017\/11\/camping_bungalow-768x576.jpg 768w, https:\/\/www.comunicatur.info\/wp-content\/uploads\/2017\/11\/camping_bungalow-1024x768.jpg 1024w, https:\/\/www.comunicatur.info\/wp-content\/uploads\/2017\/11\/camping_bungalow-600x450.jpg 600w\" sizes=\"(max-width: 300px) 100vw, 300px\" \/>El departamento de Urbanismo estudia aplicar una moratoria que limite la apertura de nuevos campings mientras se redacta el plan director. Considera que la normativa actual es demasiado gen\u00e9rica y a la pr\u00e1ctica conlleva que muchos de los establecimientos actuales no cumplan los requerimientos de protecci\u00f3n civil.<\/p>\n<p>Adem\u00e1s, la realidad del sector es diferente a la de hace unos a\u00f1os. Actualmente los campings requieren de construcciones fijas y para Urbanismo este tipo de elementos permanentes deber\u00edan establecerse en suelo urbanizable y no como ahora que obliga justamente al contrario, a construirse en zona no urbanizable.<\/p>\n<p>En el caso de la Garriguella, el proyecto de camping, que preve\u00eda unas 2.000 plazas en una superficie de m\u00e1s de 17 hect\u00e1reas, se ha considerado desproporcionado, casi triplica la poblaci\u00f3n del municipio. La inversi\u00f3n de la empresa impulsora del proyecto era de 10 millones de euros.<\/p>\n","protected":false},"excerpt":{"rendered":"<p>Coincidiendo con el anuncio de la comisi\u00f3n de Urbanismo de la Generalidad de Catalu\u00f1a de no permitir la construcci\u00f3n de un camping en la Garriguella, en la Costa Brava, tambi\u00e9n se ha informado de la intenci\u00f3n del gobierno catal\u00e1n de redactar un plan director para ordenar el sector del camping. El departamento de Urbanismo estudia &hellip;<\/p>\n","protected":false},"author":408,"featured_media":0,"comment_status":"closed","ping_status":"open","sticky":false,"template":"","format":"standard","meta":[],"categories":[59],"tags":[],"_links":{"self":[{"href":"https:\/\/www.comunicatur.info\/es\/wp-json\/wp\/v2\/posts\/12225"}],"collection":[{"href":"https:\/\/www.comunicatur.info\/es\/wp-json\/wp\/v2\/posts"}],"about":[{"href":"https:\/\/www.comunicatur.info\/es\/wp-json\/wp\/v2\/types\/post"}],"author":[{"embeddable":true,"href":"https:\/\/www.comunicatur.info\/es\/wp-json\/wp\/v2\/users\/408"}],"replies":[{"embeddable":true,"href":"https:\/\/www.comunicatur.info\/es\/wp-json\/wp\/v2\/comments?post=12225"}],"version-history":[{"count":1,"href":"https:\/\/www.comunicatur.info\/es\/wp-json\/wp\/v2\/posts\/12225\/revisions"}],"predecessor-version":[{"id":12226,"href":"https:\/\/www.comunicatur.info\/es\/wp-json\/wp\/v2\/posts\/12225\/revisions\/12226"}],"wp:attachment":[{"href":"https:\/\/www.comunicatur.info\/es\/wp-json\/wp\/v2\/media?parent=12225"}],"wp:term":[{"taxonomy":"category","embeddable":true,"href":"https:\/\/www.comunicatur.info\/es\/wp-json\/wp\/v2\/categories?post=12225"},{"taxonomy":"post_tag","embeddable":true,"href":"https:\/\/www.comunicatur.info\/es\/wp-json\/wp\/v2\/tags?post=12225"}],"curies":[{"name":"wp","href":"https:\/\/api.w.org\/{rel}","templated":true}]}}