{"id":12208,"date":"2018-05-23T00:00:54","date_gmt":"2018-05-22T22:00:54","guid":{"rendered":"https:\/\/comunicatur.info\/?p=12208"},"modified":"2018-05-21T23:31:11","modified_gmt":"2018-05-21T21:31:11","slug":"nuevas-experiencias-turisticas-en-el-monasterio-de-sant-cugat","status":"publish","type":"post","link":"https:\/\/www.comunicatur.info\/es\/nuevas-experiencias-turisticas-en-el-monasterio-de-sant-cugat\/","title":{"rendered":"Nuevas experiencias tur\u00edsticas en el Monasterio de Sant Cugat"},"content":{"rendered":"<p>Visitas hist\u00f3ricas de condes, reyes y abades, expertos que nos descifrar\u00e1n la simbolog\u00eda de los capiteles, conciertos \u00edntimos en el mejor claustro de Europa y noches misteriosas en el Monasterio de Sant Cugat. Estas son las experiencias renovadas que nos ofrece el Ayuntamiento de Sant Cugat para esta temporada.<!--more--><\/p>\n<p><strong>La visita imprescindible: Monasterio de Sant Cugat, el m\u00e1s poderoso del Condado de Barcelona<\/strong><br \/>\n<img class=\"alignright size-medium wp-image-12217\" src=\"https:\/\/www.comunicatur.info\/wp-content\/uploads\/2018\/05\/monestir-de-sant-cugat-visit-sant-cugat-1-300x200.jpg\" alt=\"\" width=\"300\" height=\"200\" srcset=\"https:\/\/www.comunicatur.info\/wp-content\/uploads\/2018\/05\/monestir-de-sant-cugat-visit-sant-cugat-1-300x200.jpg 300w, https:\/\/www.comunicatur.info\/wp-content\/uploads\/2018\/05\/monestir-de-sant-cugat-visit-sant-cugat-1-768x512.jpg 768w, https:\/\/www.comunicatur.info\/wp-content\/uploads\/2018\/05\/monestir-de-sant-cugat-visit-sant-cugat-1-1024x683.jpg 1024w, https:\/\/www.comunicatur.info\/wp-content\/uploads\/2018\/05\/monestir-de-sant-cugat-visit-sant-cugat-1-600x400.jpg 600w, https:\/\/www.comunicatur.info\/wp-content\/uploads\/2018\/05\/monestir-de-sant-cugat-visit-sant-cugat-1.jpg 1240w\" sizes=\"(max-width: 300px) 100vw, 300px\" \/>A partir de este mes de junio, todos los s\u00e1bados, a las 19 h, es el momento de conocer la <strong>importancia que tuvo el Monasterio de Sant Cugat en la historia de Catalu\u00f1a<\/strong>, su relevancia art\u00edstica y arquitect\u00f3nica. La visita recrea principalmente la \u00e9poca de esplendor, del s.X al s.XIV, cuando el Monasterio se convirti\u00f3 en el m\u00e1s poderoso del Condado de Barcelona. No s\u00f3lo dirig\u00eda las almas de los fieles, ya fueran nobles o siervos, sino tambi\u00e9n los bienes terrenales e influ\u00eda en el poder pol\u00edtico de la Catalu\u00f1a Medieval. Es una visita esencial para conocer un periodo clave de nuestra historia, contada de forma did\u00e1ctica. Permite descubrir los personajes m\u00e1s relevantes que pasaron por sus muros milenarios: m\u00e1rtires, condes y reyes, abades guerreros y caudillos musulmanes, como el m\u00edtico Almanzor. Historias de sangre, venganza y devoci\u00f3n religiosa que constituyeron uno de los feudos m\u00e1s poderosos. Con todos estos elementos se ha construido la nueva visita guiada que transcurre por las diferentes dependencias de la abad\u00eda benedictina. <strong>El Claustro, un para\u00edso de escultura rom\u00e1nica con 144 capiteles todos diferentes, es uno de los mejores de Europa.<\/strong> La Iglesia, con un rico patrimonio art\u00edstico, fue el escenario de un hecho hist\u00f3rico sangriento, que a\u00fan hoy se recuerda. El campanario, donde disfrutaremos de excepcionales vistas del barrio antiguo, de Montserrat, del Montcau y Collserola.<\/p>\n<p><em>Las visitas se realizan los s\u00e1bados a las 19h est\u00e1n programadas <strong>de junio a octubre<\/strong> (punto de encuentro en la Oficina de Turismo). Tienen una duraci\u00f3n de 1 h y 30 minutos y un coste de 5\u20ac.<\/em><\/p>\n<p><strong>La combinaci\u00f3n perfecta de m\u00fasica y visitas tem\u00e1ticas<\/strong><\/p>\n<figure id=\"attachment_12214\" aria-describedby=\"caption-attachment-12214\" style=\"width: 300px\" class=\"wp-caption alignright\"><img class=\"size-medium wp-image-12214\" src=\"https:\/\/www.comunicatur.info\/wp-content\/uploads\/2018\/05\/5-CLAUSTRE-MANE\u0300-ESPINOSA-SANT-CUGAT-DEL-VALLE\u0300S-300x200.jpg\" alt=\"\" width=\"300\" height=\"200\" srcset=\"https:\/\/www.comunicatur.info\/wp-content\/uploads\/2018\/05\/5-CLAUSTRE-MANE\u0300-ESPINOSA-SANT-CUGAT-DEL-VALLE\u0300S-300x200.jpg 300w, https:\/\/www.comunicatur.info\/wp-content\/uploads\/2018\/05\/5-CLAUSTRE-MANE\u0300-ESPINOSA-SANT-CUGAT-DEL-VALLE\u0300S-768x512.jpg 768w, https:\/\/www.comunicatur.info\/wp-content\/uploads\/2018\/05\/5-CLAUSTRE-MANE\u0300-ESPINOSA-SANT-CUGAT-DEL-VALLE\u0300S-1024x683.jpg 1024w, https:\/\/www.comunicatur.info\/wp-content\/uploads\/2018\/05\/5-CLAUSTRE-MANE\u0300-ESPINOSA-SANT-CUGAT-DEL-VALLE\u0300S-600x400.jpg 600w, https:\/\/www.comunicatur.info\/wp-content\/uploads\/2018\/05\/5-CLAUSTRE-MANE\u0300-ESPINOSA-SANT-CUGAT-DEL-VALLE\u0300S.jpg 1800w\" sizes=\"(max-width: 300px) 100vw, 300px\" \/><figcaption id=\"caption-attachment-12214\" class=\"wp-caption-text\">FOTO:MAN\u00c9 ESPINOSA. CLAUSTRE DEL MONESTIR<\/figcaption><\/figure>\n<p>Durante este mes de junio en el Claustro vuelven las <em>Visitas de noche con notas musicales<\/em>, pero esta vez con una importante renovaci\u00f3n. Cada una de las visitas tiene una tem\u00e1tica diferente acompa\u00f1ada de su concierto.<\/p>\n<p>Viernes 1 de junio &#8211; <strong>El d\u00eda a d\u00eda de los monjes a trav\u00e9s del Costumari y el concierto de \u00abLimnos Quartet\u00bb<\/strong><\/p>\n<p>Jueves 7 de junio &#8211; <strong>Visita a los capiteles b\u00edblicos del Claustro y el concierto \u00abla melod\u00eda en el tiempo\u00bb<\/strong><\/p>\n<p>Viernes 15 de junio &#8211; <strong>La evoluci\u00f3n arquitect\u00f3nica del Claustro y el concierto \u00abel silencio del violonchelo\u00bb<\/strong><\/p>\n<p>Viernes 22 de junio &#8211; <strong>Iconograf\u00eda de los capiteles del Claustro y el concierto \u00abMozart y el Octeto de viento\u00bb<\/strong><\/p>\n<p><em>Los d\u00edas 1, 7, 15 y 22 de junio a las 20.30 h en la Oficina de Turismo, tiene una duraci\u00f3n de 1 hora y 30 minutos y el precio es de 15\u20ac.<\/em><\/p>\n<p><strong>Las noches de los s\u00e1bados de agosto son para escuchar leyendas en el Monasterio de Sant Cugat.<\/strong><br \/>\n<img class=\"alignright size-medium wp-image-12216\" src=\"https:\/\/www.comunicatur.info\/wp-content\/uploads\/2018\/05\/Monestir-de-sant-cugat-300x200.jpg\" alt=\"\" width=\"300\" height=\"200\" srcset=\"https:\/\/www.comunicatur.info\/wp-content\/uploads\/2018\/05\/Monestir-de-sant-cugat-300x200.jpg 300w, https:\/\/www.comunicatur.info\/wp-content\/uploads\/2018\/05\/Monestir-de-sant-cugat-768x512.jpg 768w, https:\/\/www.comunicatur.info\/wp-content\/uploads\/2018\/05\/Monestir-de-sant-cugat-1024x683.jpg 1024w, https:\/\/www.comunicatur.info\/wp-content\/uploads\/2018\/05\/Monestir-de-sant-cugat-600x400.jpg 600w, https:\/\/www.comunicatur.info\/wp-content\/uploads\/2018\/05\/Monestir-de-sant-cugat.jpg 1800w\" sizes=\"(max-width: 300px) 100vw, 300px\" \/>Este mes de verano est\u00e1 especialmente pensado para aquellos que les gusta la noche y el misterio. Gracias al \u00e9xito de pasadas ediciones, vuelve <em>Leyendas nocturnas en el Monasterio de Sant Cugat<\/em>. Una propuesta que adentra a los visitantes en la oscuridad del Monasterio, acompa\u00f1ados de un monje muy especial.<\/p>\n<p><em>S\u00e1bados 4, 11, 18 y 25 de agosto, a las 22 h en la Oficina de Turismo. Tiene una duraci\u00f3n de 1 hora y 30 minutos y el precio es de 15 \u20ac.<\/em><\/p>\n<p><strong>La audiogu\u00eda del Monasterio de Sant Cugat, para los que les gusta ir por libres.<\/strong><\/p>\n<figure id=\"attachment_12215\" aria-describedby=\"caption-attachment-12215\" style=\"width: 300px\" class=\"wp-caption alignright\"><img class=\"size-medium wp-image-12215\" src=\"https:\/\/www.comunicatur.info\/wp-content\/uploads\/2018\/05\/audioguia_monestir-300x205.jpg\" alt=\"\" width=\"300\" height=\"205\" srcset=\"https:\/\/www.comunicatur.info\/wp-content\/uploads\/2018\/05\/audioguia_monestir-300x205.jpg 300w, https:\/\/www.comunicatur.info\/wp-content\/uploads\/2018\/05\/audioguia_monestir.jpg 437w\" sizes=\"(max-width: 300px) 100vw, 300px\" \/><figcaption id=\"caption-attachment-12215\" class=\"wp-caption-text\">FOTO: MAN\u00c9 ESPINOSA. TURISME AL VOLTANT DEL MONESTIR DE SANT CUGAT<\/figcaption><\/figure>\n<p>Est\u00e1 disponible en cuatro idiomas: catal\u00e1n, castellano, ingl\u00e9s y franc\u00e9s.<\/p>\n<p>M\u00e1s informaci\u00f3n sobre las nuevas experiencias tur\u00edsticas a <a href=\"https:\/\/www.visitsantcugat.cat\/portfolio-items\/monestir-de-sant-cugat\/?portfolioCats=51\" target=\"_blank\" rel=\"noopener\">visitsantcugat.cat<\/a>. Se puede hacer la <a href=\"https:\/\/www.visitsantcugat.cat\/reserves\/\" target=\"_blank\" rel=\"noopener\">reserva en la misma web<\/a><\/p>\n<p><strong>Se organizan visitas para grupos a precios especiales con diferentes tem\u00e1ticas.<\/strong><br \/>\nContacta con la Oficina de Turismo de Sant Cugat del Vall\u00e8s<br \/>\nTel.:+(34) 936 759 952<br \/>\n<a href=\"mailto:turisme@santcugat.cat\">turisme@santcugat.cat<\/a><\/p>\n","protected":false},"excerpt":{"rendered":"<p>Visitas hist\u00f3ricas de condes, reyes y abades, expertos que nos descifrar\u00e1n la simbolog\u00eda de los capiteles, conciertos \u00edntimos en el mejor claustro de Europa y noches misteriosas en el Monasterio de Sant Cugat. Estas son las experiencias renovadas que nos ofrece el Ayuntamiento de Sant Cugat para esta temporada. La visita imprescindible: Monasterio de Sant &hellip;<\/p>\n","protected":false},"author":408,"featured_media":0,"comment_status":"closed","ping_status":"open","sticky":false,"template":"","format":"standard","meta":[],"categories":[62],"tags":[],"_links":{"self":[{"href":"https:\/\/www.comunicatur.info\/es\/wp-json\/wp\/v2\/posts\/12208"}],"collection":[{"href":"https:\/\/www.comunicatur.info\/es\/wp-json\/wp\/v2\/posts"}],"about":[{"href":"https:\/\/www.comunicatur.info\/es\/wp-json\/wp\/v2\/types\/post"}],"author":[{"embeddable":true,"href":"https:\/\/www.comunicatur.info\/es\/wp-json\/wp\/v2\/users\/408"}],"replies":[{"embeddable":true,"href":"https:\/\/www.comunicatur.info\/es\/wp-json\/wp\/v2\/comments?post=12208"}],"version-history":[{"count":4,"href":"https:\/\/www.comunicatur.info\/es\/wp-json\/wp\/v2\/posts\/12208\/revisions"}],"predecessor-version":[{"id":12220,"href":"https:\/\/www.comunicatur.info\/es\/wp-json\/wp\/v2\/posts\/12208\/revisions\/12220"}],"wp:attachment":[{"href":"https:\/\/www.comunicatur.info\/es\/wp-json\/wp\/v2\/media?parent=12208"}],"wp:term":[{"taxonomy":"category","embeddable":true,"href":"https:\/\/www.comunicatur.info\/es\/wp-json\/wp\/v2\/categories?post=12208"},{"taxonomy":"post_tag","embeddable":true,"href":"https:\/\/www.comunicatur.info\/es\/wp-json\/wp\/v2\/tags?post=12208"}],"curies":[{"name":"wp","href":"https:\/\/api.w.org\/{rel}","templated":true}]}}