{"id":12180,"date":"2018-05-16T00:00:00","date_gmt":"2018-05-15T22:00:00","guid":{"rendered":"https:\/\/comunicatur.info\/?p=12180"},"modified":"2018-05-15T13:32:25","modified_gmt":"2018-05-15T11:32:25","slug":"una-red-de-ciudades-en-contra-del-turismo-masivo","status":"publish","type":"post","link":"https:\/\/www.comunicatur.info\/es\/una-red-de-ciudades-en-contra-del-turismo-masivo\/","title":{"rendered":"\u00bfUna red de ciudades en contra del turismo masivo?"},"content":{"rendered":"<p>El rechazo al turismo est\u00e1 llegando a cotas sorprendentes. La \u00faltima: la creaci\u00f3n de una red europea que coordina los movimientos anti tur\u00edsticos. Representantes de organizaciones sociales y vecinales de ciudades europeas, entre ellas muchas espa\u00f1olas, forman parte de esta nueva plataforma.<!--more--><\/p>\n<p><img class=\"alignright size-medium wp-image-12175\" src=\"https:\/\/www.comunicatur.info\/wp-content\/uploads\/2018\/05\/SetNet-300x165.jpg\" alt=\"\" width=\"300\" height=\"165\" srcset=\"https:\/\/www.comunicatur.info\/wp-content\/uploads\/2018\/05\/SetNet-300x165.jpg 300w, https:\/\/www.comunicatur.info\/wp-content\/uploads\/2018\/05\/SetNet-768x422.jpg 768w, https:\/\/www.comunicatur.info\/wp-content\/uploads\/2018\/05\/SetNet-600x329.jpg 600w, https:\/\/www.comunicatur.info\/wp-content\/uploads\/2018\/05\/SetNet-594x325.jpg 594w, https:\/\/www.comunicatur.info\/wp-content\/uploads\/2018\/05\/SetNet.jpg 900w\" sizes=\"(max-width: 300px) 100vw, 300px\" \/>La coordinaci\u00f3n de los movimientos contrarios al turismo masivo en Barcelona, Palma, Valencia, Lisboa, y como no, Venecia, es un nuevo paso. Se trata de la red #SetNet, que, en el caso espa\u00f1ol, ha sumado tambi\u00e9n destinos como M\u00e1laga, Sevilla, Girona, Canarias, San Sebasti\u00e1n o Pamplona. El ritmo de adhesiones ha sido fulgurante.<\/p>\n<p>El goteo incesante de colectivos que se suman d\u00eda a d\u00eda es incesante: la Federaci\u00f3n Ben Magec-Ecologistas en Acci\u00f3n de Canarias, el colectivo donostiarra #BiziLagunse&#8230; Las entidades explican que \u201chemos ido encontr\u00e1ndonos en diferentes eventos con el fin de compartir e intercambiar experiencias. Aunque cada una de las ciudades presenta conflictos espec\u00edficos, algunos son comunes en todas\u201d. Los impulsores de la red afirman que este es un primer paso en la internacionalizaci\u00f3n de la lucha contra la turistitzaci\u00f3n.<\/p>\n<p><img class=\"alignright size-medium wp-image-12151\" src=\"https:\/\/www.comunicatur.info\/wp-content\/uploads\/2018\/05\/kellys_mani-300x195.jpg\" alt=\"\" width=\"300\" height=\"195\" srcset=\"https:\/\/www.comunicatur.info\/wp-content\/uploads\/2018\/05\/kellys_mani-300x195.jpg 300w, https:\/\/www.comunicatur.info\/wp-content\/uploads\/2018\/05\/kellys_mani-768x498.jpg 768w, https:\/\/www.comunicatur.info\/wp-content\/uploads\/2018\/05\/kellys_mani-1024x664.jpg 1024w, https:\/\/www.comunicatur.info\/wp-content\/uploads\/2018\/05\/kellys_mani-600x389.jpg 600w, https:\/\/www.comunicatur.info\/wp-content\/uploads\/2018\/05\/kellys_mani.jpg 1424w\" sizes=\"(max-width: 300px) 100vw, 300px\" \/>La red SET (SetNet) ha presentado un \u201cManifiesto fundacional ante la Turistizaci\u00f3n\u201d. Entre los puntos que destacan como m\u00e1ximo problema del turismo es \u201cel aumento de la precarizaci\u00f3n y de la reducci\u00f3n del derecho a la vivienda, debido a la dificultad de acceso a la misma y provocado por la subida descontrolada de los precios de alquiler\u201d.<\/p>\n<p>Otros aspectos a los que se refiere el manifiesto son: la transformaci\u00f3n del comercio local mediante su especializaci\u00f3n en usos tur\u00edsticos<img class=\"alignright size-medium wp-image-12176\" src=\"https:\/\/www.comunicatur.info\/wp-content\/uploads\/2018\/05\/SetNet-BCN-300x225.jpg\" alt=\"\" width=\"300\" height=\"225\" srcset=\"https:\/\/www.comunicatur.info\/wp-content\/uploads\/2018\/05\/SetNet-BCN-300x225.jpg 300w, https:\/\/www.comunicatur.info\/wp-content\/uploads\/2018\/05\/SetNet-BCN.jpg 529w\" sizes=\"(max-width: 300px) 100vw, 300px\" \/> in\u00fatiles para la vida cotidiana de las poblaciones locales; la masificaci\u00f3n de calles y plazas, que dificulta la vida cotidiana de los residentes; la saturaci\u00f3n de la red p\u00fablica de transporte; la tendencia econ\u00f3mica de las ciudades al monocultivo del turismo que provoca precarizaci\u00f3n en las condiciones laborales de la poblaci\u00f3n; y la alta contaminaci\u00f3n de aviones cruceros, autocares&#8230; as\u00ed como la generaci\u00f3n de residuos.<\/p>\n<p>Las entidades y colectivos que forman parte se han planteado \u201cextender esta lucha a otras ciudades y territorios, generando una voz plural y potente que sea cr\u00edtica al modelo tur\u00edstico actual desde el Sur de Europa\u201d.<\/p>\n","protected":false},"excerpt":{"rendered":"<p>El rechazo al turismo est\u00e1 llegando a cotas sorprendentes. La \u00faltima: la creaci\u00f3n de una red europea que coordina los movimientos anti tur\u00edsticos. Representantes de organizaciones sociales y vecinales de ciudades europeas, entre ellas muchas espa\u00f1olas, forman parte de esta nueva plataforma. La coordinaci\u00f3n de los movimientos contrarios al turismo masivo en Barcelona, Palma, Valencia, &hellip;<\/p>\n","protected":false},"author":408,"featured_media":0,"comment_status":"closed","ping_status":"open","sticky":false,"template":"","format":"standard","meta":[],"categories":[62],"tags":[],"_links":{"self":[{"href":"https:\/\/www.comunicatur.info\/es\/wp-json\/wp\/v2\/posts\/12180"}],"collection":[{"href":"https:\/\/www.comunicatur.info\/es\/wp-json\/wp\/v2\/posts"}],"about":[{"href":"https:\/\/www.comunicatur.info\/es\/wp-json\/wp\/v2\/types\/post"}],"author":[{"embeddable":true,"href":"https:\/\/www.comunicatur.info\/es\/wp-json\/wp\/v2\/users\/408"}],"replies":[{"embeddable":true,"href":"https:\/\/www.comunicatur.info\/es\/wp-json\/wp\/v2\/comments?post=12180"}],"version-history":[{"count":1,"href":"https:\/\/www.comunicatur.info\/es\/wp-json\/wp\/v2\/posts\/12180\/revisions"}],"predecessor-version":[{"id":12181,"href":"https:\/\/www.comunicatur.info\/es\/wp-json\/wp\/v2\/posts\/12180\/revisions\/12181"}],"wp:attachment":[{"href":"https:\/\/www.comunicatur.info\/es\/wp-json\/wp\/v2\/media?parent=12180"}],"wp:term":[{"taxonomy":"category","embeddable":true,"href":"https:\/\/www.comunicatur.info\/es\/wp-json\/wp\/v2\/categories?post=12180"},{"taxonomy":"post_tag","embeddable":true,"href":"https:\/\/www.comunicatur.info\/es\/wp-json\/wp\/v2\/tags?post=12180"}],"curies":[{"name":"wp","href":"https:\/\/api.w.org\/{rel}","templated":true}]}}