{"id":12133,"date":"2018-05-11T00:00:42","date_gmt":"2018-05-10T22:00:42","guid":{"rendered":"https:\/\/comunicatur.info\/?p=12133"},"modified":"2018-05-09T19:03:24","modified_gmt":"2018-05-09T17:03:24","slug":"la-xx-edicion-de-tarraco-viva-ya-esta-aqui","status":"publish","type":"post","link":"https:\/\/www.comunicatur.info\/es\/la-xx-edicion-de-tarraco-viva-ya-esta-aqui\/","title":{"rendered":"La XX edici\u00f3n de Tarraco Viva ya est\u00e1 aqu\u00ed"},"content":{"rendered":"<p>La ciudad de Tarragona se prepara para lo que ser\u00e1 el acto internacional m\u00e1s importante del presente siglo. Y es que los <strong>Juegos del Mediterr\u00e1neo<\/strong> tendr\u00e1n lugar del <strong>22 de junio al 1 de julio<\/strong>. Esta efem\u00e9ride, con 33 disciplinas deportivas, pondr\u00e1 a Tarragona en el primer plano de la actualidad.<!--more--><\/p>\n<p><img class=\"alignright size-full wp-image-806\" src=\"https:\/\/www.comunicatur.info\/wp-content\/uploads\/2008\/11\/Tarraco.jpg\" alt=\"\" width=\"160\" height=\"120\" \/>Como preludio de los juegos, <strong>el festival<\/strong> <strong>Tarraco Viva<\/strong>, que este a\u00f1o llega a su 20\u00aa edici\u00f3n, quiere ser una de las ediciones m\u00e1s espectaculares. As\u00ed tratar\u00e1 en profundidad como era el deporte y qu\u00e9 representaba en el Mediterr\u00e1neo durante la Antig\u00fcedad. Tambi\u00e9n se adentrar\u00e1 en el papel de la mujer, se podr\u00e1 ver la vida cotidiana en una calle romana o escuchar historias breves en espacios peque\u00f1os en un ciclo denominado <strong>Rincones con Historia<\/strong>, que es una de las novedades de este a\u00f1o.En total se har\u00e1n m\u00e1s de 450 actos repartidos en 30 espacios de la ciudad y en otros municipios que colaboran, cmo Altafulla,<\/p>\n<p>Constant\u00ed, Cambrils, Falset i Vila-rodona.<\/p>\n<p><img class=\"alignright size-medium wp-image-11419\" src=\"https:\/\/www.comunicatur.info\/wp-content\/uploads\/2017\/12\/tarragona-300x173.jpg\" alt=\"\" width=\"300\" height=\"173\" srcset=\"https:\/\/www.comunicatur.info\/wp-content\/uploads\/2017\/12\/tarragona-300x173.jpg 300w, https:\/\/www.comunicatur.info\/wp-content\/uploads\/2017\/12\/tarragona-768x442.jpg 768w, https:\/\/www.comunicatur.info\/wp-content\/uploads\/2017\/12\/tarragona-1024x590.jpg 1024w, https:\/\/www.comunicatur.info\/wp-content\/uploads\/2017\/12\/tarragona-600x345.jpg 600w, https:\/\/www.comunicatur.info\/wp-content\/uploads\/2017\/12\/tarragona.jpg 1240w\" sizes=\"(max-width: 300px) 100vw, 300px\" \/>El festival <strong>Tarraco Viva <\/strong>es un festival internacional cultural especializado en la divulgaci\u00f3n hist\u00f3rica de la \u00e9poca romana. Se comenz\u00f3 a celebrar en Tarragona en 1999 para dar soporte a la candidatura de Tarraco como Patrimonio Mundial de la Unesco. Pero el \u00e9xito fue tan grande que desde entonces se celebra cada a\u00f1o, con un \u00e9xito creciente de p\u00fablico nacional e internacional y una aceptaci\u00f3n total por parte de la poblaci\u00f3n.<\/p>\n<p>La edici\u00f3n de este a\u00f1o tiene una duraci\u00f3n de dos semanas, <strong>del 13 al 27 de mayo<\/strong> y las entradas se ponen a la venta a partir del 8 de mayo.<\/p>\n<p><a href=\"https:\/\/www.tarracoviva.com\/\" target=\"_blank\" rel=\"noopener\"><em>Quiero ver la web del festival y conocer toda la programaci\u00f3n<\/em><\/a><\/p>\n","protected":false},"excerpt":{"rendered":"<p>La ciudad de Tarragona se prepara para lo que ser\u00e1 el acto internacional m\u00e1s importante del presente siglo. Y es que los Juegos del Mediterr\u00e1neo tendr\u00e1n lugar del 22 de junio al 1 de julio. Esta efem\u00e9ride, con 33 disciplinas deportivas, pondr\u00e1 a Tarragona en el primer plano de la actualidad. Como preludio de los &hellip;<\/p>\n","protected":false},"author":408,"featured_media":0,"comment_status":"closed","ping_status":"open","sticky":false,"template":"","format":"standard","meta":[],"categories":[62],"tags":[],"_links":{"self":[{"href":"https:\/\/www.comunicatur.info\/es\/wp-json\/wp\/v2\/posts\/12133"}],"collection":[{"href":"https:\/\/www.comunicatur.info\/es\/wp-json\/wp\/v2\/posts"}],"about":[{"href":"https:\/\/www.comunicatur.info\/es\/wp-json\/wp\/v2\/types\/post"}],"author":[{"embeddable":true,"href":"https:\/\/www.comunicatur.info\/es\/wp-json\/wp\/v2\/users\/408"}],"replies":[{"embeddable":true,"href":"https:\/\/www.comunicatur.info\/es\/wp-json\/wp\/v2\/comments?post=12133"}],"version-history":[{"count":1,"href":"https:\/\/www.comunicatur.info\/es\/wp-json\/wp\/v2\/posts\/12133\/revisions"}],"predecessor-version":[{"id":12134,"href":"https:\/\/www.comunicatur.info\/es\/wp-json\/wp\/v2\/posts\/12133\/revisions\/12134"}],"wp:attachment":[{"href":"https:\/\/www.comunicatur.info\/es\/wp-json\/wp\/v2\/media?parent=12133"}],"wp:term":[{"taxonomy":"category","embeddable":true,"href":"https:\/\/www.comunicatur.info\/es\/wp-json\/wp\/v2\/categories?post=12133"},{"taxonomy":"post_tag","embeddable":true,"href":"https:\/\/www.comunicatur.info\/es\/wp-json\/wp\/v2\/tags?post=12133"}],"curies":[{"name":"wp","href":"https:\/\/api.w.org\/{rel}","templated":true}]}}