{"id":12047,"date":"2018-04-25T00:00:25","date_gmt":"2018-04-24T22:00:25","guid":{"rendered":"https:\/\/comunicatur.info\/?p=12047"},"modified":"2018-04-22T19:26:26","modified_gmt":"2018-04-22T17:26:26","slug":"la-unesco-reconoce-el-geoparque-conca-de-tremp-montsec","status":"publish","type":"post","link":"https:\/\/www.comunicatur.info\/es\/la-unesco-reconoce-el-geoparque-conca-de-tremp-montsec\/","title":{"rendered":"La UNESCO reconoce el Geoparque Conca de Tremp &#8211; Montsec"},"content":{"rendered":"<p>La Organizaci\u00f3n de las Naciones Unidas para la Educaci\u00f3n, la Ciencia y la Cultura (UNESCO) ha resuelto que la Conca de Tremp \u2013 Montsec pase a formar parte de la red de Geoparques Mundiales. Un geoparque es un territorio reconocido por la UNESCO con un patrimonio geol\u00f3gico, paleontol\u00f3gico y minero de importancia internacional.<!--more--><\/p>\n<p>El distintivo de geoparque no es una figura legal de protecci\u00f3n sino el reconocimiento de esta organizaci\u00f3n internacional a un modelo de gesti\u00f3n del patrimonio como herramienta de desarrollo local sostenible. La Red Global de Geoparques de la UNESCO comprende 140 localizaciones en 38 pa\u00edses de todo el mundo.<\/p>\n<p><strong>Revulsivo tur\u00edstico y econ\u00f3mico<\/strong><br \/>\nEl reconocimiento del geoparque conlleva formar parte de una red internacional y de un programa propio de la UNESCO, con el consiguiente impulso para el turismo y la actividad econ\u00f3mica, que beneficiar\u00e1 la zona.<\/p>\n<p><img class=\"alignright size-medium wp-image-12045\" src=\"https:\/\/www.comunicatur.info\/wp-content\/uploads\/2018\/04\/congost-MontRebei-300x205.jpg\" alt=\"\" width=\"300\" height=\"205\" srcset=\"https:\/\/www.comunicatur.info\/wp-content\/uploads\/2018\/04\/congost-MontRebei-300x205.jpg 300w, https:\/\/www.comunicatur.info\/wp-content\/uploads\/2018\/04\/congost-MontRebei-600x410.jpg 600w, https:\/\/www.comunicatur.info\/wp-content\/uploads\/2018\/04\/congost-MontRebei.jpg 751w\" sizes=\"(max-width: 300px) 100vw, 300px\" \/>As\u00ed, favorecer\u00e1 la formaci\u00f3n de los profesionales y emprendedores locales, reforzando la calidad y la distribuci\u00f3n de sus productos tur\u00edsticos y generando nuevas opciones, como el geoturismo, que servir\u00e1 tambi\u00e9n para promocionar los productos locales. Seg\u00fan Joan Ubach, presidente del geoparque Conca de Tremp &#8211; Montsec, el reconocimiento \u00abes un revulsivo para la zona, ya que un organismo de prestigio ha reconocido la riqueza de la Conca de Tremp &#8211; Montsec, lo que nos dar\u00e1 una gran visibilidad y reconocimiento internacional \u00ab.<\/p>\n<p>El sello de la UNESCO le ayudar\u00e1 a posicionarse mundialmente. Aumentar\u00e1, pues, la visibilidad que tiene el territorio tanto a nivel regional como internacional, ayudando a atraer un turismo responsable y de calidad. Prev\u00e9n llegar a duplicar el n\u00famero de visitantes en 5 a\u00f1os y que, por cada euro invertido, el retorno econ\u00f3mico para el conjunto del territorio ser\u00e1 de entre 10 y 20 euros.<\/p>\n<p><strong>Como es el geoparque Conca de Tremp \u2013 Montsec<\/strong><br \/>\nEl geoparque Conca de Tremp \u2013 Montsec lo forman 19 municipios de 4 comarcas leridanas: el Pallars Juss\u00e0, la Noguera, el Pallars Sobir\u00e0 y el Alt Urgell que, conjuntamente, superan los 2.000 Km\u00b2. Para mantener esta marca de elevada calidad, la UNESCO evaluar\u00e1 cada cuatro a\u00f1os la gesti\u00f3n del territorio.<\/p>\n<p><strong>Patrimonio del geoparque<\/strong><\/p>\n<ul>\n<li><strong>Paleontol\u00f3gico.<\/strong> Hay que destacar los restos de los \u00faltimos dinosaurios que vivieron en Europa y que han permitido conocer mejor el final de su era.<\/li>\n<li><strong>Geol\u00f3gico.<\/strong> Es un \u00e1rea con un gran valor geol\u00f3gico y natural, que permite explicar c\u00f3mo se formaron los Pirineos.<\/li>\n<li><strong>Minero.<\/strong> Se encuentra la primera gran central hidroel\u00e9ctrica de Catalu\u00f1a, cuya construcci\u00f3n comport\u00f3 una fuerte transformaci\u00f3n social en la Vall Fosca. El territorio sigue siendo escenario de nuevos descubrimientos, como es el caso del primer mineral descrito en Catalu\u00f1a: el Abella\u00efta.<\/li>\n<li><strong>Cultural.<\/strong> Las caracter\u00edsticas del territorio permiten explicar la historia de la vida humana, desde la prehistoria, pasando por la \u00e9poca romana y la Edad Media hasta la actualidad. Adem\u00e1s, se conserva un cielo oscuro de una calidad excepcional, reconocido como destinaci\u00f3n tur\u00edstica y reserva Starlight.<\/li>\n<\/ul>\n","protected":false},"excerpt":{"rendered":"<p>La Organizaci\u00f3n de las Naciones Unidas para la Educaci\u00f3n, la Ciencia y la Cultura (UNESCO) ha resuelto que la Conca de Tremp \u2013 Montsec pase a formar parte de la red de Geoparques Mundiales. Un geoparque es un territorio reconocido por la UNESCO con un patrimonio geol\u00f3gico, paleontol\u00f3gico y minero de importancia internacional. El distintivo &hellip;<\/p>\n","protected":false},"author":408,"featured_media":0,"comment_status":"closed","ping_status":"open","sticky":false,"template":"","format":"standard","meta":[],"categories":[62],"tags":[],"_links":{"self":[{"href":"https:\/\/www.comunicatur.info\/es\/wp-json\/wp\/v2\/posts\/12047"}],"collection":[{"href":"https:\/\/www.comunicatur.info\/es\/wp-json\/wp\/v2\/posts"}],"about":[{"href":"https:\/\/www.comunicatur.info\/es\/wp-json\/wp\/v2\/types\/post"}],"author":[{"embeddable":true,"href":"https:\/\/www.comunicatur.info\/es\/wp-json\/wp\/v2\/users\/408"}],"replies":[{"embeddable":true,"href":"https:\/\/www.comunicatur.info\/es\/wp-json\/wp\/v2\/comments?post=12047"}],"version-history":[{"count":1,"href":"https:\/\/www.comunicatur.info\/es\/wp-json\/wp\/v2\/posts\/12047\/revisions"}],"predecessor-version":[{"id":12048,"href":"https:\/\/www.comunicatur.info\/es\/wp-json\/wp\/v2\/posts\/12047\/revisions\/12048"}],"wp:attachment":[{"href":"https:\/\/www.comunicatur.info\/es\/wp-json\/wp\/v2\/media?parent=12047"}],"wp:term":[{"taxonomy":"category","embeddable":true,"href":"https:\/\/www.comunicatur.info\/es\/wp-json\/wp\/v2\/categories?post=12047"},{"taxonomy":"post_tag","embeddable":true,"href":"https:\/\/www.comunicatur.info\/es\/wp-json\/wp\/v2\/tags?post=12047"}],"curies":[{"name":"wp","href":"https:\/\/api.w.org\/{rel}","templated":true}]}}